{"id":7438,"date":"2025-02-24T13:24:26","date_gmt":"2025-02-24T13:24:26","guid":{"rendered":"https:\/\/laserluz.com\/blog\/?p=7205"},"modified":"2025-06-03T10:27:44","modified_gmt":"2025-06-03T10:27:44","slug":"masterclass-laser-co2","status":"publish","type":"post","link":"https:\/\/laserluz.com\/blog\/masterclass-laser-co2","title":{"rendered":"MASTERCLASS L\u00c1SER CO2"},"content":{"rendered":"\n<h1 class=\"wp-block-heading\"><strong><strong>MASTERCLASS L\u00c1SER CO2. 3\u00ba Edici\u00f3n.<\/strong><\/strong><\/h1>\n\n\n\n<div class=\"wp-block-columns is-layout-flex wp-container-core-columns-is-layout-9d6595d7 wp-block-columns-is-layout-flex\">\n<div class=\"wp-block-column is-layout-flow wp-block-column-is-layout-flow\" style=\"flex-basis:66.66%\">\n<p><br><strong>Fecha:<\/strong>&nbsp;S\u00e1bado 31 de mayo<br><strong>Hora:<\/strong> 9:00 a 19:00 pm<\/p>\n\n\n\n<p><strong>Direcci\u00f3n:<\/strong>&nbsp;Sala de Formaci\u00f3n Laserluz. Calle Alpedrete 19 \u2013 P.I Ventorro del Cano \u2013 28925 (Entre Alcorc\u00f3n y Boadilla, Madrid).<\/p>\n\n\n\n<p><\/p>\n\n\n\n<p><strong>Plazas con opci\u00f3n presencial:<\/strong>\u00a0Limitadas a aforo de la sala de formaci\u00f3n.<br><strong>Precio presencial:<\/strong>\u00a0200\u20ac. Incluye acreditaci\u00f3n, Certificado de formaci\u00f3n, Coffee break y comida (Comprar entradas <strong><a href=\"https:\/\/buy.stripe.com\/8wM5mVeaBbHl12MdQQ\" target=\"_blank\" rel=\"noreferrer noopener\">clic aqu\u00ed<\/a><\/strong>)<br><br><strong>Plaza con opci\u00f3n online:<\/strong>\u00a0Sin l\u00edmite<br><strong>Precio online:<\/strong> 200\u20ac (Comprar entradas <strong><a href=\"https:\/\/buy.stripe.com\/8wM5mVeaBbHl12MdQQ\" target=\"_blank\" rel=\"noreferrer noopener\">clic aqu\u00ed<\/a><\/strong>)<\/p>\n<\/div>\n\n\n\n<div class=\"wp-block-column is-layout-flow wp-block-column-is-layout-flow\" style=\"flex-basis:33.33%\">\n<iframe loading=\"lazy\" style=\"border-radius:7px\" width=\"250\" height=\"450\" src=\"https:\/\/www.youtube.com\/embed\/LIVPuj1PQVE?si=8U8qZozN5xgAVIhv\" title=\"YouTube video player\" frameborder=\"0\" allow=\"accelerometer; autoplay; clipboard-write; encrypted-media; gyroscope; picture-in-picture; web-share\" referrerpolicy=\"strict-origin-when-cross-origin\" allowfullscreen=\"\"><\/iframe>\n<\/div>\n<\/div>\n\n\n\n<p><\/p>\n\n\n\n<p><\/p>\n\n\n\n<h2 class=\"wp-block-heading\">\u00bfQu\u00e9 aprender\u00e1s sobre el L\u00e1ser de CO2 en medicina est\u00e9tica?<\/h2>\n\n\n\n<p><strong>Bases cient\u00edficas del L\u00e1ser CO2 ablativo<\/strong><\/p>\n\n\n\n<p>Fundamentos f\u00edsicos y cl\u00ednicos e introducci\u00f3n a la tecnolog\u00eda<br>del l\u00e1ser CO2<\/p>\n\n\n\n<p><strong>Protocolos clave<\/strong><br>Dermatolog\u00eda, medicina est\u00e9tica, ginecolog\u00eda y oftalmolog\u00eda.<\/p>\n\n\n\n<p><strong>Casos cl\u00ednicos<\/strong><br>Exposici\u00f3n de casos reales en todas las especialidades<\/p>\n\n\n\n<p><strong>Optimizaci\u00f3n del equipo<\/strong><br>Seguridad y manejo para un mayor rendimiento<\/p>\n\n\n\n<p><strong>Pr\u00e1ctica cl\u00ednica<\/strong><br>Aplicaciones en directo sobre pacientes reales en Oftalmolog\u00eda<br>y Dermatolog\u00eda + pr\u00e1ctica simulada en Ginecolog\u00eda<\/p>\n\n\n\n<h2 class=\"wp-block-heading\">\u00bfPor qu\u00e9 elegir nuestro taller de L\u00e1ser de CO2?<\/h2>\n\n\n\n<ul class=\"wp-block-list\"><li><strong>Experiencia:<\/strong>&nbsp;Contamos con a\u00f1os de experiencia en el campo de la est\u00e9tica, la medicina est\u00e9tica y la aparatolog\u00eda. Nuestros ponentes son profesionales altamente capacitados.<\/li><li><strong>Actualizaci\u00f3n constante:<\/strong>&nbsp;Estamos al tanto de las \u00faltimas tendencias y avances en An\u00e1lisis Dermatoest\u00e9tico. Te proporcionaremos informaci\u00f3n actualizada y relevante.<\/li><li><strong>Networking:<\/strong>&nbsp;Conocer\u00e1s a otros profesionales del sector y podr\u00e1s intercambiar ideas y experiencias.<\/li><\/ul>\n\n\n\n<h2 class=\"wp-block-heading\">Ponentes, expertos en L\u00e1ser de CO2<\/h2>\n\n\n\n<p><strong>Dr. Antonio Zafra<\/strong> (M\u00e1ster en Medicina Est\u00e9tica, M\u00e1ster en Menopausia y Ginecolog\u00eda)<br><strong>Dr. David Mateos<\/strong> (Dermatolog\u00eda y Medicina Est\u00e9tica)<br><strong>Dra. Marina Barranco<\/strong> (Oftalmolog\u00eda y Medicina Est\u00e9tica)<br><strong>D. Javier Dom\u00ednguez<\/strong> (Formador Laserluz y Experto en tecnolog\u00eda l\u00e1ser)<br><\/p>\n\n\n\n<h2 class=\"wp-block-heading\">Inscripci\u00f3n en el taller de L\u00e1ser de CO2  <\/h2>\n\n\n\n<p>\u00a1No te pierdas esta oportunidad \u00fanica!&nbsp;<\/p>\n\n\n\n<p>Nota: Una vez realizada la inscripci\u00f3n le llamaremos para confirmarla y formalizarla.&nbsp;<\/p>\n\n\n\n<p><\/p>\n\n\n\n<div id=\"galiciares\" class=\"\"><center><iframe loading=\"lazy\" id=\"inlineFrameExample\" title=\"Inline Frame Example\" width=\"550\" height=\"550\" src=\"https:\/\/book.timify.com\/?accountId=614afa1b1d9f1e11729e72cf&amp;hideCloseButton=true\" style=\"border:none !important;box-shadow: 0 0 30px #00000047;\">\n<\/iframe><\/center><\/div>\n\n\n\n<style>.ays-pb-modal, .av_pop_modals_1 ,#ays-pb-screen-shade_1{display:none !important}<\/style><script type=\"application\/ld+json\">\n{\n  \"@context\": \"https:\/\/schema.org\",\n  \"@type\": \"Event\",\n  \"name\": \"MASTERCLASS L\u00c1SER CO2. 3\u00ba Edici\u00f3n\",\n  \"startDate\": \"2025-05-31T09:00:00\",\n  \"eventAttendanceMode\": \"https:\/\/schema.org\/MixedEventAttendanceMode\",\n  \"eventStatus\": \"https:\/\/schema.org\/EventScheduled\",\n  \"location\": [\n    {\n      \"@type\": \"Place\",\n      \"name\": \"Sala de Formaci\u00f3n Laserluz\",\n      \"address\": {\n        \"@type\": \"PostalAddress\",\n        \"streetAddress\": \"Calle Alpedrete 19 \u2013 P.I Ventorro del Cano\",\n        \"addressLocality\": \"Madrid\",\n        \"postalCode\": \"28925\",\n        \"addressRegion\": \"Comunidad de Madrid\",\n        \"addressCountry\": \"ES\"\n      }\n    },\n    {\n      \"@type\": \"VirtualLocation\",\n      \"url\": \"https:\/\/maps.app.goo.gl\/SZz18YSMPioYNxxn9\"\n    }\n  ],\n  \"image\": \"https:\/\/laserluz.com\/blog\/wp-content\/uploads\/2025\/02\/b__0000_Capa-1.jpg\",\n  \"description\": \"Aprende todo sobre el L\u00e1ser de CO2 en medicina est\u00e9tica: bases cient\u00edficas, protocolos cl\u00ednicos, casos reales y pr\u00e1ctica cl\u00ednica en oftalmolog\u00eda, dermatolog\u00eda y ginecolog\u00eda. Con ponentes expertos y opciones presencial y online.\",\n  \"organizer\": {\n    \"@type\": \"Organization\",\n    \"name\": \"Laserluz\",\n    \"url\": \"https:\/\/www.laserluz.com\"\n  },\n  \"performer\": [\n    {\n      \"@type\": \"Person\",\n      \"name\": \"Dr. Antonio Zafra\"\n    },\n    {\n      \"@type\": \"Person\",\n      \"name\": \"Dr. David Mateos\"\n    },\n    {\n      \"@type\": \"Person\",\n      \"name\": \"Dra. Marina Barranco\"\n    },\n    {\n      \"@type\": \"Person\",\n      \"name\": \"D. Javier Dom\u00ednguez\"\n    }\n  ],\n  \"offers\": [\n    {\n      \"@type\": \"Offer\",\n      \"name\": \"Entrada presencial\",\n      \"url\": \"https:\/\/book.timify.com\/?accountId=614afa1b1d9f1e11729e72cf&hideCloseButton=true\",\n      \"price\": \"200\",\n      \"priceCurrency\": \"EUR\",\n      \"availability\": \"https:\/\/schema.org\/LimitedAvailability\",\n      \"validFrom\": \"2025-04-22\"\n    },\n    {\n      \"@type\": \"Offer\",\n      \"name\": \"Entrada online\",\n      \"url\": \"https:\/\/book.timify.com\/?accountId=614afa1b1d9f1e11729e72cf&hideCloseButton=true\",\n      \"price\": \"200\",\n      \"priceCurrency\": \"EUR\",\n      \"availability\": \"https:\/\/schema.org\/InStock\",\n      \"validFrom\": \"2025-04-22\"\n    }\n  ]\n}\n<\/script>\n\n\n\n<p><\/p>\n","protected":false},"excerpt":{"rendered":"<p>MASTERCLASS L\u00c1SER CO2. 3\u00ba Edici\u00f3n. Fecha:&nbsp;S\u00e1bado 31 de mayoHora: 9:00 a 19:00 pm Direcci\u00f3n:&nbsp;Sala de Formaci\u00f3n Laserluz. Calle Alpedrete 19 \u2013 P.I Ventorro del Cano \u2013 28925 (Entre Alcorc\u00f3n y Boadilla, Madrid). Plazas con opci\u00f3n presencial:\u00a0Limitadas a aforo de la sala de formaci\u00f3n.Precio presencial:\u00a0200\u20ac. Incluye acreditaci\u00f3n, Certificado de formaci\u00f3n, Coffee break y comida (Comprar entradas [&hellip;]<\/p>\n","protected":false},"author":11,"featured_media":7521,"comment_status":"closed","ping_status":"closed","sticky":false,"template":"","format":"standard","meta":{"footnotes":""},"categories":[397],"tags":[],"class_list":["post-7438","post","type-post","status-publish","format-standard","has-post-thumbnail","hentry","category-formacion-laserluz"],"yoast_head":"<!-- This site is optimized with the Yoast SEO plugin v19.13 - https:\/\/yoast.com\/wordpress\/plugins\/seo\/ -->\n<title>Masterclass L\u00e1ser CO2 Madrid<\/title>\n<meta name=\"description\" content=\"Aprende a dominar el L\u00e1ser CO2 en est\u00e9tica y medicina. Formaci\u00f3n con casos cl\u00ednicos reales y pr\u00e1ctica. Presencial en Madrid y online. \u00a1Plazas limitadas!\" \/>\n<meta name=\"robots\" content=\"index, follow, max-snippet:-1, max-image-preview:large, max-video-preview:-1\" \/>\n<link rel=\"canonical\" href=\"https:\/\/laserluz.com\/blog\/masterclass-laser-co2\" \/>\n<meta property=\"og:locale\" content=\"es_ES\" \/>\n<meta property=\"og:type\" content=\"article\" \/>\n<meta property=\"og:title\" content=\"Masterclass L\u00e1ser CO2 Madrid\" \/>\n<meta property=\"og:description\" content=\"Aprende a dominar el L\u00e1ser CO2 en est\u00e9tica y medicina. Formaci\u00f3n con casos cl\u00ednicos reales y pr\u00e1ctica. Presencial en Madrid y online. \u00a1Plazas limitadas!\" \/>\n<meta property=\"og:url\" content=\"https:\/\/laserluz.com\/blog\/masterclass-laser-co2\" \/>\n<meta property=\"og:site_name\" content=\"LASERLUZ Blog\" \/>\n<meta property=\"article:publisher\" content=\"https:\/\/www.facebook.com\/Laserluzestetica\/\" \/>\n<meta property=\"article:published_time\" content=\"2025-02-24T13:24:26+00:00\" \/>\n<meta property=\"article:modified_time\" content=\"2025-06-03T10:27:44+00:00\" \/>\n<meta property=\"og:image\" content=\"https:\/\/laserluz.com\/blog\/wp-content\/uploads\/2025\/02\/b__0000_Capa-1.jpg\" \/>\n\t<meta property=\"og:image:width\" content=\"1200\" \/>\n\t<meta property=\"og:image:height\" content=\"500\" \/>\n\t<meta property=\"og:image:type\" content=\"image\/jpeg\" \/>\n<meta name=\"author\" content=\"contenido@inboundmas.es\" \/>\n<meta name=\"twitter:card\" content=\"summary_large_image\" \/>\n<meta name=\"twitter:creator\" content=\"@Laserluz\" \/>\n<meta name=\"twitter:site\" content=\"@Laserluz\" \/>\n<meta name=\"twitter:label1\" content=\"Escrito por\" \/>\n\t<meta name=\"twitter:data1\" content=\"contenido@inboundmas.es\" \/>\n\t<meta name=\"twitter:label2\" content=\"Tiempo de lectura\" \/>\n\t<meta name=\"twitter:data2\" content=\"3 minutos\" \/>\n<script type=\"application\/ld+json\" class=\"yoast-schema-graph\">{\"@context\":\"https:\/\/schema.org\",\"@graph\":[{\"@type\":\"WebPage\",\"@id\":\"https:\/\/laserluz.com\/blog\/masterclass-laser-co2\",\"url\":\"https:\/\/laserluz.com\/blog\/masterclass-laser-co2\",\"name\":\"Masterclass L\u00e1ser CO2 Madrid\",\"isPartOf\":{\"@id\":\"https:\/\/laserluz.com\/blog\/#website\"},\"datePublished\":\"2025-02-24T13:24:26+00:00\",\"dateModified\":\"2025-06-03T10:27:44+00:00\",\"author\":{\"@id\":\"https:\/\/laserluz.com\/blog\/#\/schema\/person\/671fa3beb60328b9588f7e0a79e207ae\"},\"description\":\"Aprende a dominar el L\u00e1ser CO2 en est\u00e9tica y medicina. Formaci\u00f3n con casos cl\u00ednicos reales y pr\u00e1ctica. Presencial en Madrid y online. \u00a1Plazas limitadas!\",\"breadcrumb\":{\"@id\":\"https:\/\/laserluz.com\/blog\/masterclass-laser-co2#breadcrumb\"},\"inLanguage\":\"es\",\"potentialAction\":[{\"@type\":\"ReadAction\",\"target\":[\"https:\/\/laserluz.com\/blog\/masterclass-laser-co2\"]}]},{\"@type\":\"BreadcrumbList\",\"@id\":\"https:\/\/laserluz.com\/blog\/masterclass-laser-co2#breadcrumb\",\"itemListElement\":[{\"@type\":\"ListItem\",\"position\":1,\"name\":\"Portada\",\"item\":\"https:\/\/laserluz.com\/blog\/\"},{\"@type\":\"ListItem\",\"position\":2,\"name\":\"MASTERCLASS L\u00c1SER CO2\"}]},{\"@type\":\"WebSite\",\"@id\":\"https:\/\/laserluz.com\/blog\/#website\",\"url\":\"https:\/\/laserluz.com\/blog\/\",\"name\":\"Laserluz Blog\",\"description\":\"LASERLUZ Blog\",\"potentialAction\":[{\"@type\":\"SearchAction\",\"target\":{\"@type\":\"EntryPoint\",\"urlTemplate\":\"https:\/\/laserluz.com\/blog\/?s={search_term_string}\"},\"query-input\":\"required name=search_term_string\"}],\"inLanguage\":\"es\"},{\"@type\":\"Person\",\"@id\":\"https:\/\/laserluz.com\/blog\/#\/schema\/person\/671fa3beb60328b9588f7e0a79e207ae\",\"name\":\"contenido@inboundmas.es\",\"image\":{\"@type\":\"ImageObject\",\"inLanguage\":\"es\",\"@id\":\"https:\/\/laserluz.com\/blog\/#\/schema\/person\/image\/\",\"url\":\"https:\/\/secure.gravatar.com\/avatar\/36da714ecac5f08c0b55380ddcebe998d4efdaea401d21632d54494d69ca9ee2?s=96&d=mm&r=g\",\"contentUrl\":\"https:\/\/secure.gravatar.com\/avatar\/36da714ecac5f08c0b55380ddcebe998d4efdaea401d21632d54494d69ca9ee2?s=96&d=mm&r=g\",\"caption\":\"contenido@inboundmas.es\"}}]}<\/script>\n<!-- \/ Yoast SEO plugin. -->","yoast_head_json":{"title":"Masterclass L\u00e1ser CO2 Madrid","description":"Aprende a dominar el L\u00e1ser CO2 en est\u00e9tica y medicina. Formaci\u00f3n con casos cl\u00ednicos reales y pr\u00e1ctica. Presencial en Madrid y online. \u00a1Plazas limitadas!","robots":{"index":"index","follow":"follow","max-snippet":"max-snippet:-1","max-image-preview":"max-image-preview:large","max-video-preview":"max-video-preview:-1"},"canonical":"https:\/\/laserluz.com\/blog\/masterclass-laser-co2","og_locale":"es_ES","og_type":"article","og_title":"Masterclass L\u00e1ser CO2 Madrid","og_description":"Aprende a dominar el L\u00e1ser CO2 en est\u00e9tica y medicina. Formaci\u00f3n con casos cl\u00ednicos reales y pr\u00e1ctica. Presencial en Madrid y online. \u00a1Plazas limitadas!","og_url":"https:\/\/laserluz.com\/blog\/masterclass-laser-co2","og_site_name":"LASERLUZ Blog","article_publisher":"https:\/\/www.facebook.com\/Laserluzestetica\/","article_published_time":"2025-02-24T13:24:26+00:00","article_modified_time":"2025-06-03T10:27:44+00:00","og_image":[{"width":1200,"height":500,"url":"https:\/\/laserluz.com\/blog\/wp-content\/uploads\/2025\/02\/b__0000_Capa-1.jpg","type":"image\/jpeg"}],"author":"contenido@inboundmas.es","twitter_card":"summary_large_image","twitter_creator":"@Laserluz","twitter_site":"@Laserluz","twitter_misc":{"Escrito por":"contenido@inboundmas.es","Tiempo de lectura":"3 minutos"},"schema":{"@context":"https:\/\/schema.org","@graph":[{"@type":"WebPage","@id":"https:\/\/laserluz.com\/blog\/masterclass-laser-co2","url":"https:\/\/laserluz.com\/blog\/masterclass-laser-co2","name":"Masterclass L\u00e1ser CO2 Madrid","isPartOf":{"@id":"https:\/\/laserluz.com\/blog\/#website"},"datePublished":"2025-02-24T13:24:26+00:00","dateModified":"2025-06-03T10:27:44+00:00","author":{"@id":"https:\/\/laserluz.com\/blog\/#\/schema\/person\/671fa3beb60328b9588f7e0a79e207ae"},"description":"Aprende a dominar el L\u00e1ser CO2 en est\u00e9tica y medicina. Formaci\u00f3n con casos cl\u00ednicos reales y pr\u00e1ctica. Presencial en Madrid y online. \u00a1Plazas limitadas!","breadcrumb":{"@id":"https:\/\/laserluz.com\/blog\/masterclass-laser-co2#breadcrumb"},"inLanguage":"es","potentialAction":[{"@type":"ReadAction","target":["https:\/\/laserluz.com\/blog\/masterclass-laser-co2"]}]},{"@type":"BreadcrumbList","@id":"https:\/\/laserluz.com\/blog\/masterclass-laser-co2#breadcrumb","itemListElement":[{"@type":"ListItem","position":1,"name":"Portada","item":"https:\/\/laserluz.com\/blog\/"},{"@type":"ListItem","position":2,"name":"MASTERCLASS L\u00c1SER CO2"}]},{"@type":"WebSite","@id":"https:\/\/laserluz.com\/blog\/#website","url":"https:\/\/laserluz.com\/blog\/","name":"Laserluz Blog","description":"LASERLUZ Blog","potentialAction":[{"@type":"SearchAction","target":{"@type":"EntryPoint","urlTemplate":"https:\/\/laserluz.com\/blog\/?s={search_term_string}"},"query-input":"required name=search_term_string"}],"inLanguage":"es"},{"@type":"Person","@id":"https:\/\/laserluz.com\/blog\/#\/schema\/person\/671fa3beb60328b9588f7e0a79e207ae","name":"contenido@inboundmas.es","image":{"@type":"ImageObject","inLanguage":"es","@id":"https:\/\/laserluz.com\/blog\/#\/schema\/person\/image\/","url":"https:\/\/secure.gravatar.com\/avatar\/36da714ecac5f08c0b55380ddcebe998d4efdaea401d21632d54494d69ca9ee2?s=96&d=mm&r=g","contentUrl":"https:\/\/secure.gravatar.com\/avatar\/36da714ecac5f08c0b55380ddcebe998d4efdaea401d21632d54494d69ca9ee2?s=96&d=mm&r=g","caption":"contenido@inboundmas.es"}}]}},"_links":{"self":[{"href":"https:\/\/laserluz.com\/blog\/wp-json\/wp\/v2\/posts\/7438","targetHints":{"allow":["GET"]}}],"collection":[{"href":"https:\/\/laserluz.com\/blog\/wp-json\/wp\/v2\/posts"}],"about":[{"href":"https:\/\/laserluz.com\/blog\/wp-json\/wp\/v2\/types\/post"}],"author":[{"embeddable":true,"href":"https:\/\/laserluz.com\/blog\/wp-json\/wp\/v2\/users\/11"}],"replies":[{"embeddable":true,"href":"https:\/\/laserluz.com\/blog\/wp-json\/wp\/v2\/comments?post=7438"}],"version-history":[{"count":1,"href":"https:\/\/laserluz.com\/blog\/wp-json\/wp\/v2\/posts\/7438\/revisions"}],"predecessor-version":[{"id":7460,"href":"https:\/\/laserluz.com\/blog\/wp-json\/wp\/v2\/posts\/7438\/revisions\/7460"}],"wp:featuredmedia":[{"embeddable":true,"href":"https:\/\/laserluz.com\/blog\/wp-json\/wp\/v2\/media\/7521"}],"wp:attachment":[{"href":"https:\/\/laserluz.com\/blog\/wp-json\/wp\/v2\/media?parent=7438"}],"wp:term":[{"taxonomy":"category","embeddable":true,"href":"https:\/\/laserluz.com\/blog\/wp-json\/wp\/v2\/categories?post=7438"},{"taxonomy":"post_tag","embeddable":true,"href":"https:\/\/laserluz.com\/blog\/wp-json\/wp\/v2\/tags?post=7438"}],"curies":[{"name":"wp","href":"https:\/\/api.w.org\/{rel}","templated":true}]}}