{"id":6774,"date":"2024-09-10T07:23:37","date_gmt":"2024-09-10T07:23:37","guid":{"rendered":"https:\/\/laserluz.com\/blog\/?p=6774"},"modified":"2025-06-03T09:45:51","modified_gmt":"2025-06-03T09:45:51","slug":"reunion-nacional-en-granada-de-residentes-de-dermatologia-y-venereologia","status":"publish","type":"post","link":"https:\/\/laserluz.com\/blog\/reunion-nacional-en-granada-de-residentes-de-dermatologia-y-venereologia","title":{"rendered":"Reuni\u00f3n Nacional en Granada de residentes de Dermatolog\u00eda y Venereolog\u00eda."},"content":{"rendered":"\n<p><\/p>\n\n\n\n<h1 class=\"wp-block-heading\">Reuni\u00f3n Nacional en Granada de residentes de Dermatolog\u00eda y Venereolog\u00eda.<\/h1>\n\n\n\n<figure class=\"wp-block-table is-style-stripes\"><table><tbody><tr><td><strong>Fecha: <br><\/strong>25\/10\/2024 \u2013 27\/10\/2024<\/td><\/tr><tr><td><strong>Lugar:<br><\/strong>&nbsp;Las instalaciones del Barcel\u00f3 Granada Congress.<\/td><\/tr><tr><td><strong>Entrada:<\/strong><br><\/td><\/tr><tr><td><strong>Obt\u00e9n tu acreditaci\u00f3n:<br><\/strong><\/td><\/tr><tr><td><strong><strong>\u00bfA qui\u00e9n est\u00e1 dirigido?<\/strong><\/strong><br>Residentes, especialistas y profesionales del campo de la dermatolog\u00eda y la venereolog\u00eda<\/td><\/tr><tr><td><strong><strong>Organiza:<\/strong><br><\/strong><\/td><\/tr><tr><td><strong>\u00bfPor qu\u00e9 asistir?<br><\/strong>Este tipo de encuentros es fundamental para la educaci\u00f3n continua de los residentes, ya que les facilita estar al tanto de las novedades y tendencias en su \u00e1rea. Asimismo, ofrece un espacio para colaborar y compartir conocimientos, lo que puede resultar en importantes avances en el cuidado del paciente y en el desarrollo de la especialidad.<\/td><\/tr><tr><td><strong><strong>M\u00e1s info:<br><\/strong>Sigue leyendo m\u00e1s abajo. \u00a1Te contamos todos los detalles!<br><\/strong><\/td><\/tr><tr><td><\/td><\/tr><\/tbody><\/table><\/figure>\n\n\n\n<p>La Reuni\u00f3n Nacional de Residentes de Dermatolog\u00eda y Venereolog\u00eda es un evento significativo en el calendario de la comunidad dermatol\u00f3gica en Espa\u00f1a. Este evento se llevar\u00e1 a cabo en Granada en octubre y est\u00e1 dise\u00f1ado para reunir a residentes, especialistas y profesionales del campo de la dermatolog\u00eda y la venereolog\u00eda para discutir los avances m\u00e1s recientes, compartir investigaciones y mejorar las pr\u00e1cticas cl\u00ednicas.<\/p>\n\n\n\n<h2 class=\"wp-block-heading\"><strong>Objetivos de la Reuni\u00f3n:<\/strong><\/h2>\n\n\n\n<ol class=\"wp-block-list\"><li><strong>Actualizaci\u00f3n de Conocimientos<\/strong>: Proveer a los asistentes de las \u00faltimas novedades y avances en dermatolog\u00eda y venereolog\u00eda.<\/li><li><strong>Desarrollo Profesional<\/strong>: Fomentar el desarrollo profesional de los residentes a trav\u00e9s de talleres, ponencias y sesiones pr\u00e1cticas.<\/li><li><strong>Intercambio de Experiencias<\/strong>: Facilitar el intercambio de experiencias y conocimientos entre residentes de diferentes hospitales y regiones.<\/li><li><strong>Networking<\/strong>: Crear oportunidades para el networking entre los residentes y los profesionales ya establecidos en el campo.<\/li><li><strong>Investigaci\u00f3n y Desarrollo<\/strong>: Promover la presentaci\u00f3n de investigaciones recientes y facilitar discusiones sobre futuros proyectos de investigaci\u00f3n.<\/li><\/ol>\n\n\n\n<h2 class=\"wp-block-heading\"><strong>Actividades Destacadas:<\/strong><\/h2>\n\n\n\n<ul class=\"wp-block-list\"><li><strong>Ponencias y Conferencias<\/strong>: Expertos nacionales e internacionales presentar\u00e1n sobre temas clave y avances en dermatolog\u00eda y venereolog\u00eda.<\/li><li><strong>Sesiones Pr\u00e1cticas<\/strong>: Talleres pr\u00e1cticos que permiten a los asistentes aplicar lo aprendido en un entorno controlado.<\/li><li><strong>Presentaci\u00f3n de Posters<\/strong>: Espacio para que los residentes presenten sus investigaciones y reciban feedback.<\/li><li><strong>Mesas Redondas<\/strong>: Debates y discusiones sobre temas controvertidos y de actualidad en la especialidad.<\/li><li><strong>Exposiciones Comerciales<\/strong>: Empresas del sector presentar\u00e1n sus productos y servicios m\u00e1s recientes.<\/li><\/ul>\n\n\n\n<p><strong>Importancia del Evento:<\/strong> Este tipo de eventos es crucial para la formaci\u00f3n continua de los residentes, ya que les permite mantenerse al d\u00eda con las innovaciones y pr\u00e1cticas emergentes en su campo. Adem\u00e1s, proporciona una plataforma para la colaboraci\u00f3n y el intercambio de ideas, lo que puede llevar a mejoras significativas en la atenci\u00f3n al paciente y en el avance de la especialidad.<\/p>\n\n\n\n<p><strong>Inscripci\u00f3n y Participaci\u00f3n:<\/strong> Los interesados en asistir deben inscribirse con antelaci\u00f3n. A menudo, hay oportunidades para que los residentes presenten sus trabajos de investigaci\u00f3n, ya sea en forma de presentaciones orales o posters.<\/p>\n\n\n\n<p>La Reuni\u00f3n Nacional de Residentes de Dermatolog\u00eda y Venereolog\u00eda en Granada en octubre promete ser un evento enriquecedor y formativo para todos los participantes, consolidando su conocimiento y fomentando la colaboraci\u00f3n entre profesionales del sector.<\/p>\n\n\n\n<p><\/p>\n\n\n\n<p><\/p>\n\n\n\n<p><\/p>\n\n\n\n<style>\n.ays-pb-modals{display:none !important;}\n<\/style>\n\n<script type=\"application\/ld+json\">\n{\n  \"@context\": \"https:\/\/schema.org\",\n  \"@type\": \"Event\",\n  \"name\": \"Reuni\u00f3n Nacional en Granada de residentes de Dermatolog\u00eda y Venereolog\u00eda.\",\n  \"startDate\": \"2024-10-25T09:00:00+02:00\",\n  \"endDate\": \"2024-10-27T19:00:00+02:00\",\n  \"eventAttendanceMode\": \"https:\/\/schema.org\/OfflineEventAttendanceMode\",\n  \"eventStatus\": \"https:\/\/schema.org\/EventScheduled\",\n  \"location\": {\n    \"@type\": \"Place\",\n    \"name\": \"Granada\",\n     \"address\": {\n    \"@type\": \"PostalAddress\",\n    \"streetAddress\": \"C. Maestro Montero, 12\",\n    \"addressLocality\": \"Granada\",\n    \"postalCode\": \"18004\",\n    \"addressRegion\": \"Ronda\",\n    \"addressCountry\": \"Espa\u00f1a\"\n  }\n  },\n  \"image\": [\n    \"https:\/\/laserluz.com\/blog\/wp-content\/uploads\/2024\/09\/event.png\"\n  ],\n  \"description\": \"Reuni\u00f3n Nacional en Granada de residentes de Dermatolog\u00eda y Venereolog\u00eda\",\n  \"offers\": {\n    \"@type\": \"Offer\",\n    \"url\": \"https:\/\/laserluz.com\/blog\/reunion-nacional-en-granada-de-residentes-de-dermatologia-y-venereologia\",\n    \"price\": \"0\",\n    \"priceCurrency\": \"EUR\",\n    \"availability\": \"https:\/\/schema.org\/InStock\",\n    \"validFrom\": \"2024-09-10T10:00\"\n  },\n  \"performer\": {\n    \"@type\": \"PerformingGroup\",\n    \"name\": \"Eventos de Estetica\"\n  },\n  \"organizer\": {\n    \"@type\": \"Organization\",\n    \"name\": \"Laserluz Technology S.L\",\n    \"url\": \"https:\/\/laserluz.com\/\"\n  }\n}\n<\/script>\n","protected":false},"excerpt":{"rendered":"<p>Reuni\u00f3n Nacional en Granada de residentes de Dermatolog\u00eda y Venereolog\u00eda. Fecha: 25\/10\/2024 \u2013 27\/10\/2024 Lugar:&nbsp;Las instalaciones del Barcel\u00f3 Granada Congress. Entrada: Obt\u00e9n tu acreditaci\u00f3n: \u00bfA qui\u00e9n est\u00e1 dirigido?Residentes, especialistas y profesionales del campo de la dermatolog\u00eda y la venereolog\u00eda Organiza: \u00bfPor qu\u00e9 asistir?Este tipo de encuentros es fundamental para la educaci\u00f3n continua de los residentes, [&hellip;]<\/p>\n","protected":false},"author":11,"featured_media":6889,"comment_status":"closed","ping_status":"closed","sticky":false,"template":"","format":"standard","meta":{"footnotes":""},"categories":[394],"tags":[],"class_list":["post-6774","post","type-post","status-publish","format-standard","has-post-thumbnail","hentry","category-eventos"],"yoast_head":"<!-- This site is optimized with the Yoast SEO plugin v19.13 - https:\/\/yoast.com\/wordpress\/plugins\/seo\/ -->\n<title>Reuni\u00f3n Nacional de Residentes en Dermatolog\u00eda: Octubre 2024<\/title>\n<meta name=\"description\" content=\"Reuni\u00f3n de Residentes en Dermatolog\u00eda y Venereolog\u00eda 2024. Actualizate, asiste a ponencias, talleres y conecta con profesionales del sector.\" \/>\n<meta name=\"robots\" content=\"index, follow, max-snippet:-1, max-image-preview:large, max-video-preview:-1\" \/>\n<link rel=\"canonical\" href=\"https:\/\/laserluz.com\/blog\/reunion-nacional-en-granada-de-residentes-de-dermatologia-y-venereologia\" \/>\n<meta property=\"og:locale\" content=\"es_ES\" \/>\n<meta property=\"og:type\" content=\"article\" \/>\n<meta property=\"og:title\" content=\"Reuni\u00f3n Nacional de Residentes en Dermatolog\u00eda: Octubre 2024\" \/>\n<meta property=\"og:description\" content=\"Reuni\u00f3n de Residentes en Dermatolog\u00eda y Venereolog\u00eda 2024. Actualizate, asiste a ponencias, talleres y conecta con profesionales del sector.\" \/>\n<meta property=\"og:url\" content=\"https:\/\/laserluz.com\/blog\/reunion-nacional-en-granada-de-residentes-de-dermatologia-y-venereologia\" \/>\n<meta property=\"og:site_name\" content=\"LASERLUZ Blog\" \/>\n<meta property=\"article:publisher\" content=\"https:\/\/www.facebook.com\/Laserluzestetica\/\" \/>\n<meta property=\"article:published_time\" content=\"2024-09-10T07:23:37+00:00\" \/>\n<meta property=\"article:modified_time\" content=\"2025-06-03T09:45:51+00:00\" \/>\n<meta property=\"og:image\" content=\"https:\/\/laserluz.com\/blog\/wp-content\/uploads\/2024\/09\/event.png\" \/>\n\t<meta property=\"og:image:width\" content=\"1200\" \/>\n\t<meta property=\"og:image:height\" content=\"589\" \/>\n\t<meta property=\"og:image:type\" content=\"image\/png\" \/>\n<meta name=\"author\" content=\"contenido@inboundmas.es\" \/>\n<meta name=\"twitter:card\" content=\"summary_large_image\" \/>\n<meta name=\"twitter:creator\" content=\"@Laserluz\" \/>\n<meta name=\"twitter:site\" content=\"@Laserluz\" \/>\n<meta name=\"twitter:label1\" content=\"Escrito por\" \/>\n\t<meta name=\"twitter:data1\" content=\"contenido@inboundmas.es\" \/>\n\t<meta name=\"twitter:label2\" content=\"Tiempo de lectura\" \/>\n\t<meta name=\"twitter:data2\" content=\"3 minutos\" \/>\n<script type=\"application\/ld+json\" class=\"yoast-schema-graph\">{\"@context\":\"https:\/\/schema.org\",\"@graph\":[{\"@type\":\"WebPage\",\"@id\":\"https:\/\/laserluz.com\/blog\/reunion-nacional-en-granada-de-residentes-de-dermatologia-y-venereologia\",\"url\":\"https:\/\/laserluz.com\/blog\/reunion-nacional-en-granada-de-residentes-de-dermatologia-y-venereologia\",\"name\":\"Reuni\u00f3n Nacional de Residentes en Dermatolog\u00eda: Octubre 2024\",\"isPartOf\":{\"@id\":\"https:\/\/laserluz.com\/blog\/#website\"},\"datePublished\":\"2024-09-10T07:23:37+00:00\",\"dateModified\":\"2025-06-03T09:45:51+00:00\",\"author\":{\"@id\":\"https:\/\/laserluz.com\/blog\/#\/schema\/person\/671fa3beb60328b9588f7e0a79e207ae\"},\"description\":\"Reuni\u00f3n de Residentes en Dermatolog\u00eda y Venereolog\u00eda 2024. Actualizate, asiste a ponencias, talleres y conecta con profesionales del sector.\",\"breadcrumb\":{\"@id\":\"https:\/\/laserluz.com\/blog\/reunion-nacional-en-granada-de-residentes-de-dermatologia-y-venereologia#breadcrumb\"},\"inLanguage\":\"es\",\"potentialAction\":[{\"@type\":\"ReadAction\",\"target\":[\"https:\/\/laserluz.com\/blog\/reunion-nacional-en-granada-de-residentes-de-dermatologia-y-venereologia\"]}]},{\"@type\":\"BreadcrumbList\",\"@id\":\"https:\/\/laserluz.com\/blog\/reunion-nacional-en-granada-de-residentes-de-dermatologia-y-venereologia#breadcrumb\",\"itemListElement\":[{\"@type\":\"ListItem\",\"position\":1,\"name\":\"Portada\",\"item\":\"https:\/\/laserluz.com\/blog\/\"},{\"@type\":\"ListItem\",\"position\":2,\"name\":\"Reuni\u00f3n Nacional en Granada de residentes de Dermatolog\u00eda y Venereolog\u00eda.\"}]},{\"@type\":\"WebSite\",\"@id\":\"https:\/\/laserluz.com\/blog\/#website\",\"url\":\"https:\/\/laserluz.com\/blog\/\",\"name\":\"Laserluz Blog\",\"description\":\"LASERLUZ Blog\",\"potentialAction\":[{\"@type\":\"SearchAction\",\"target\":{\"@type\":\"EntryPoint\",\"urlTemplate\":\"https:\/\/laserluz.com\/blog\/?s={search_term_string}\"},\"query-input\":\"required name=search_term_string\"}],\"inLanguage\":\"es\"},{\"@type\":\"Person\",\"@id\":\"https:\/\/laserluz.com\/blog\/#\/schema\/person\/671fa3beb60328b9588f7e0a79e207ae\",\"name\":\"contenido@inboundmas.es\",\"image\":{\"@type\":\"ImageObject\",\"inLanguage\":\"es\",\"@id\":\"https:\/\/laserluz.com\/blog\/#\/schema\/person\/image\/\",\"url\":\"https:\/\/secure.gravatar.com\/avatar\/36da714ecac5f08c0b55380ddcebe998d4efdaea401d21632d54494d69ca9ee2?s=96&d=mm&r=g\",\"contentUrl\":\"https:\/\/secure.gravatar.com\/avatar\/36da714ecac5f08c0b55380ddcebe998d4efdaea401d21632d54494d69ca9ee2?s=96&d=mm&r=g\",\"caption\":\"contenido@inboundmas.es\"}}]}<\/script>\n<!-- \/ Yoast SEO plugin. -->","yoast_head_json":{"title":"Reuni\u00f3n Nacional de Residentes en Dermatolog\u00eda: Octubre 2024","description":"Reuni\u00f3n de Residentes en Dermatolog\u00eda y Venereolog\u00eda 2024. Actualizate, asiste a ponencias, talleres y conecta con profesionales del sector.","robots":{"index":"index","follow":"follow","max-snippet":"max-snippet:-1","max-image-preview":"max-image-preview:large","max-video-preview":"max-video-preview:-1"},"canonical":"https:\/\/laserluz.com\/blog\/reunion-nacional-en-granada-de-residentes-de-dermatologia-y-venereologia","og_locale":"es_ES","og_type":"article","og_title":"Reuni\u00f3n Nacional de Residentes en Dermatolog\u00eda: Octubre 2024","og_description":"Reuni\u00f3n de Residentes en Dermatolog\u00eda y Venereolog\u00eda 2024. Actualizate, asiste a ponencias, talleres y conecta con profesionales del sector.","og_url":"https:\/\/laserluz.com\/blog\/reunion-nacional-en-granada-de-residentes-de-dermatologia-y-venereologia","og_site_name":"LASERLUZ Blog","article_publisher":"https:\/\/www.facebook.com\/Laserluzestetica\/","article_published_time":"2024-09-10T07:23:37+00:00","article_modified_time":"2025-06-03T09:45:51+00:00","og_image":[{"width":1200,"height":589,"url":"https:\/\/laserluz.com\/blog\/wp-content\/uploads\/2024\/09\/event.png","type":"image\/png"}],"author":"contenido@inboundmas.es","twitter_card":"summary_large_image","twitter_creator":"@Laserluz","twitter_site":"@Laserluz","twitter_misc":{"Escrito por":"contenido@inboundmas.es","Tiempo de lectura":"3 minutos"},"schema":{"@context":"https:\/\/schema.org","@graph":[{"@type":"WebPage","@id":"https:\/\/laserluz.com\/blog\/reunion-nacional-en-granada-de-residentes-de-dermatologia-y-venereologia","url":"https:\/\/laserluz.com\/blog\/reunion-nacional-en-granada-de-residentes-de-dermatologia-y-venereologia","name":"Reuni\u00f3n Nacional de Residentes en Dermatolog\u00eda: Octubre 2024","isPartOf":{"@id":"https:\/\/laserluz.com\/blog\/#website"},"datePublished":"2024-09-10T07:23:37+00:00","dateModified":"2025-06-03T09:45:51+00:00","author":{"@id":"https:\/\/laserluz.com\/blog\/#\/schema\/person\/671fa3beb60328b9588f7e0a79e207ae"},"description":"Reuni\u00f3n de Residentes en Dermatolog\u00eda y Venereolog\u00eda 2024. Actualizate, asiste a ponencias, talleres y conecta con profesionales del sector.","breadcrumb":{"@id":"https:\/\/laserluz.com\/blog\/reunion-nacional-en-granada-de-residentes-de-dermatologia-y-venereologia#breadcrumb"},"inLanguage":"es","potentialAction":[{"@type":"ReadAction","target":["https:\/\/laserluz.com\/blog\/reunion-nacional-en-granada-de-residentes-de-dermatologia-y-venereologia"]}]},{"@type":"BreadcrumbList","@id":"https:\/\/laserluz.com\/blog\/reunion-nacional-en-granada-de-residentes-de-dermatologia-y-venereologia#breadcrumb","itemListElement":[{"@type":"ListItem","position":1,"name":"Portada","item":"https:\/\/laserluz.com\/blog\/"},{"@type":"ListItem","position":2,"name":"Reuni\u00f3n Nacional en Granada de residentes de Dermatolog\u00eda y Venereolog\u00eda."}]},{"@type":"WebSite","@id":"https:\/\/laserluz.com\/blog\/#website","url":"https:\/\/laserluz.com\/blog\/","name":"Laserluz Blog","description":"LASERLUZ Blog","potentialAction":[{"@type":"SearchAction","target":{"@type":"EntryPoint","urlTemplate":"https:\/\/laserluz.com\/blog\/?s={search_term_string}"},"query-input":"required name=search_term_string"}],"inLanguage":"es"},{"@type":"Person","@id":"https:\/\/laserluz.com\/blog\/#\/schema\/person\/671fa3beb60328b9588f7e0a79e207ae","name":"contenido@inboundmas.es","image":{"@type":"ImageObject","inLanguage":"es","@id":"https:\/\/laserluz.com\/blog\/#\/schema\/person\/image\/","url":"https:\/\/secure.gravatar.com\/avatar\/36da714ecac5f08c0b55380ddcebe998d4efdaea401d21632d54494d69ca9ee2?s=96&d=mm&r=g","contentUrl":"https:\/\/secure.gravatar.com\/avatar\/36da714ecac5f08c0b55380ddcebe998d4efdaea401d21632d54494d69ca9ee2?s=96&d=mm&r=g","caption":"contenido@inboundmas.es"}}]}},"_links":{"self":[{"href":"https:\/\/laserluz.com\/blog\/wp-json\/wp\/v2\/posts\/6774","targetHints":{"allow":["GET"]}}],"collection":[{"href":"https:\/\/laserluz.com\/blog\/wp-json\/wp\/v2\/posts"}],"about":[{"href":"https:\/\/laserluz.com\/blog\/wp-json\/wp\/v2\/types\/post"}],"author":[{"embeddable":true,"href":"https:\/\/laserluz.com\/blog\/wp-json\/wp\/v2\/users\/11"}],"replies":[{"embeddable":true,"href":"https:\/\/laserluz.com\/blog\/wp-json\/wp\/v2\/comments?post=6774"}],"version-history":[{"count":1,"href":"https:\/\/laserluz.com\/blog\/wp-json\/wp\/v2\/posts\/6774\/revisions"}],"predecessor-version":[{"id":7484,"href":"https:\/\/laserluz.com\/blog\/wp-json\/wp\/v2\/posts\/6774\/revisions\/7484"}],"wp:featuredmedia":[{"embeddable":true,"href":"https:\/\/laserluz.com\/blog\/wp-json\/wp\/v2\/media\/6889"}],"wp:attachment":[{"href":"https:\/\/laserluz.com\/blog\/wp-json\/wp\/v2\/media?parent=6774"}],"wp:term":[{"taxonomy":"category","embeddable":true,"href":"https:\/\/laserluz.com\/blog\/wp-json\/wp\/v2\/categories?post=6774"},{"taxonomy":"post_tag","embeddable":true,"href":"https:\/\/laserluz.com\/blog\/wp-json\/wp\/v2\/tags?post=6774"}],"curies":[{"name":"wp","href":"https:\/\/api.w.org\/{rel}","templated":true}]}}