{"id":6772,"date":"2024-09-10T07:23:03","date_gmt":"2024-09-10T07:23:03","guid":{"rendered":"https:\/\/laserluz.com\/blog\/?p=6772"},"modified":"2025-06-03T09:45:52","modified_gmt":"2025-06-03T09:45:52","slug":"laserluz-en-salon-look-2024","status":"publish","type":"post","link":"https:\/\/laserluz.com\/blog\/laserluz-en-salon-look-2024","title":{"rendered":"Laserluz en SAL\u00d3N LOOK 2024"},"content":{"rendered":"\n<h1 class=\"wp-block-heading\">Laserluz en SAL\u00d3N LOOK 2024: Stand 12F12<\/h1>\n\n\n\n<p><\/p>\n\n\n\n<blockquote class=\"wp-block-quote is-layout-flow wp-block-quote-is-layout-flow\"><p><\/p><\/blockquote>\n\n\n\n<figure class=\"wp-block-table is-style-stripes\"><table><tbody><tr><td><strong>Fecha: <br><\/strong>18\/10\/2024 \u2013 20\/10\/2024&nbsp;<\/td><\/tr><tr><td><strong>Lugar:<br><\/strong>SAL\u00d3N LOOK, Sal\u00f3n Internacional de la Imagen y la Est\u00e9tica Integral en IFEMA.<br>Avenida del Parten\u00f3n, 5, BARAJAS \u2013 28042 Madrid.&nbsp;<br>EXPONEMOS EN EL IFEMA STAND 12F12.<\/td><\/tr><tr><td><strong>Entrada:<\/strong><br><a href=\"https:\/\/laserluz.com\/contacto\/\">Solicitar entrada<\/a><br><\/td><\/tr><tr><td><strong>Obt\u00e9n tu acreditaci\u00f3n:<br><\/strong>En la web oficial de IFEMA<\/td><\/tr><tr><td><strong>\u00bfPor qu\u00e9 asistir?<br><\/strong>Podr\u00e1s conocer de primera mano las \u00faltimas <strong>novedades e innovaciones<\/strong> del sector de la belleza, est\u00e9tica y peluquer\u00eda de la mano de <strong>numerosas firmas expositoras<\/strong> especializadas as\u00ed como disfrutar de cientos de <strong>productos a un precio \u00fanico y exclusivo de feria<\/strong>.<\/td><\/tr><tr><td><strong>\u00bfA qui\u00e9n est\u00e1 dirigido?<br><\/strong>Profesionales de est\u00e9tica, belleza, maquillaje y peluquer\u00eda<\/td><\/tr><tr><td><strong>Organiza:<\/strong><br>IFEMA<\/td><\/tr><tr><td><strong>M\u00e1s info:<br><\/strong>Sigue leyendo m\u00e1s abajo. \u00a1Te contamos todos los detalles!<\/td><\/tr><tr><td> <\/td><\/tr><\/tbody><\/table><\/figure>\n\n\n\n<h2 class=\"wp-block-heading\"><\/h2>\n\n\n\n<p><strong>Laserluz<\/strong>&nbsp;estar\u00e1 presente en la pr\u00f3xima edici\u00f3n de&nbsp;<strong>SAL\u00d3N LOOK<\/strong>,&nbsp;que se celebrar\u00e1 en IFEMA MADRID del&nbsp;<strong>18 al 20 de octubre de 2024<\/strong>.&nbsp;Esta feria,&nbsp;referente del sector de la imagen y est\u00e9tica integral,&nbsp;ser\u00e1 la ocasi\u00f3n perfecta para que la empresa presente sus&nbsp;<strong>mejores equipos de aparatolog\u00eda m\u00e9dico est\u00e9tica<\/strong>&nbsp;a un p\u00fablico profesional amplio y especializado.<\/p>\n\n\n\n<p>Adem\u00e1s de presentar sus productos,&nbsp;Laserluz tambi\u00e9n aprovechar\u00e1 su presencia en SAL\u00d3N LOOK para&nbsp;<strong>fortalecer el contacto con sus clientes<\/strong>&nbsp;y establecer nuevas relaciones comerciales.&nbsp;La empresa estar\u00e1 representada por un equipo comercial altamente cualificado que podr\u00e1 atender a las consultas de los visitantes y ofrecerles un asesoramiento personalizado.<\/p>\n\n\n\n<script type=\"application\/ld+json\">\n{\n  \"@context\": \"https:\/\/schema.org\",\n  \"@type\": \"Event\",\n  \"name\": \"Laserluz en SAL\u00d3N LOOK 2024\",\n  \"startDate\": \"2024-10-18T09:00:00+02:00\",\n  \"endDate\": \"2024-10-20T19:00:00+02:00\",\n  \"eventAttendanceMode\": \"https:\/\/schema.org\/OfflineEventAttendanceMode\",\n  \"eventStatus\": \"https:\/\/schema.org\/EventScheduled\",\n  \"location\": {\n    \"@type\": \"Place\",\n    \"name\": \"Madrid\",\n    \"address\": {\n      \"@type\": \"PostalAddress\",\n      \"streetAddress\": \"Avenida del Parten\u00f3n, 5\",\n      \"addressLocality\": \"Barajas\",\n      \"postalCode\": \"28042\",\n      \"addressRegion\": \"Madrid\",\n      \"addressCountry\": \"Espa\u00f1a\"\n    }\n  },\n  \"image\": [\n    \"https:\/\/laserluz.com\/blog\/wp-content\/uploads\/2024\/09\/look-1620x797.png\"\n  ],\n  \"description\": \"SAL\u00d3N LOOK, Sal\u00f3n Internacional de la Imagen y la Est\u00e9tica Integral, organizado por IFEMA MADRID, celebra su pr\u00f3xima edici\u00f3n del del 18 al 20 de octubre de 2024 en IFEMA MADRID, mostr\u00e1ndose como el mejor escaparate comercial del sector de la imagen y cosm\u00e9tica en Espa\u00f1a.\",\n  \"offers\": {\n    \"@type\": \"Offer\",\n    \"url\": \"https:\/\/laserluz.com\/blog\/laserluz-en-salon-look-2024\",\n    \"price\": \"50\",\n    \"priceCurrency\": \"EUR\",\n    \"availability\": \"https:\/\/schema.org\/InStock\",\n    \"validFrom\": \"2024-09-10T10:00\"\n  },\n  \"performer\": {\n    \"@type\": \"PerformingGroup\",\n    \"name\": \"Eventos de Estetica\"\n  },\n  \"organizer\": {\n    \"@type\": \"Organization\",\n    \"name\": \"IFEMA MADRID\",\n    \"url\": \"https:\/\/www.ifema.es\/\"\n  }\n}\n<\/script>\n\n\n\n<style>\n.ays-pb-modals{display:none !important;}\n<\/style>\n\n<a href=\"https:\/\/laserluz.com\/contacto\/\" rel=\"noopener\" style=\"\n    background: #d7175b;\n    padding: 20px;\n    border-radius: 5px;\n    color: white;\n    font-weight: bold;\n\">Solicitar entrada<\/a>\n","protected":false},"excerpt":{"rendered":"<p>Laserluz en SAL\u00d3N LOOK 2024: Stand 12F12 Fecha: 18\/10\/2024 \u2013 20\/10\/2024&nbsp; Lugar:SAL\u00d3N LOOK, Sal\u00f3n Internacional de la Imagen y la Est\u00e9tica Integral en IFEMA.Avenida del Parten\u00f3n, 5, BARAJAS \u2013 28042 Madrid.&nbsp;EXPONEMOS EN EL IFEMA STAND 12F12. Entrada:Solicitar entrada Obt\u00e9n tu acreditaci\u00f3n:En la web oficial de IFEMA \u00bfPor qu\u00e9 asistir?Podr\u00e1s conocer de primera mano las \u00faltimas [&hellip;]<\/p>\n","protected":false},"author":11,"featured_media":6857,"comment_status":"closed","ping_status":"closed","sticky":false,"template":"","format":"standard","meta":{"footnotes":""},"categories":[394],"tags":[],"class_list":["post-6772","post","type-post","status-publish","format-standard","has-post-thumbnail","hentry","category-eventos"],"yoast_head":"<!-- This site is optimized with the Yoast SEO plugin v19.13 - https:\/\/yoast.com\/wordpress\/plugins\/seo\/ -->\n<title>Laserluz SAL\u00d3N LOOK 2024: Innovaci\u00f3n en Aparatolog\u00eda Est\u00e9tica<\/title>\n<meta name=\"description\" content=\"Laserluz en SAL\u00d3N LOOK 2024, IFEMA Madrid, del 18 al 20 de octubre. Descubre novedades en aparatolog\u00eda m\u00e9dico-est\u00e9tica y recibe asesor\u00eda.\" \/>\n<meta name=\"robots\" content=\"index, follow, max-snippet:-1, max-image-preview:large, max-video-preview:-1\" \/>\n<link rel=\"canonical\" href=\"https:\/\/laserluz.com\/blog\/laserluz-en-salon-look-2024\" \/>\n<meta property=\"og:locale\" content=\"es_ES\" \/>\n<meta property=\"og:type\" content=\"article\" \/>\n<meta property=\"og:title\" content=\"Laserluz SAL\u00d3N LOOK 2024: Innovaci\u00f3n en Aparatolog\u00eda Est\u00e9tica\" \/>\n<meta property=\"og:description\" content=\"Laserluz en SAL\u00d3N LOOK 2024, IFEMA Madrid, del 18 al 20 de octubre. Descubre novedades en aparatolog\u00eda m\u00e9dico-est\u00e9tica y recibe asesor\u00eda.\" \/>\n<meta property=\"og:url\" content=\"https:\/\/laserluz.com\/blog\/laserluz-en-salon-look-2024\" \/>\n<meta property=\"og:site_name\" content=\"LASERLUZ Blog\" \/>\n<meta property=\"article:publisher\" content=\"https:\/\/www.facebook.com\/Laserluzestetica\/\" \/>\n<meta property=\"article:published_time\" content=\"2024-09-10T07:23:03+00:00\" \/>\n<meta property=\"article:modified_time\" content=\"2025-06-03T09:45:52+00:00\" \/>\n<meta property=\"og:image\" content=\"https:\/\/laserluz.com\/blog\/wp-content\/uploads\/2024\/09\/look-1024x504.png\" \/>\n\t<meta property=\"og:image:width\" content=\"1024\" \/>\n\t<meta property=\"og:image:height\" content=\"504\" \/>\n\t<meta property=\"og:image:type\" content=\"image\/png\" \/>\n<meta name=\"author\" content=\"contenido@inboundmas.es\" \/>\n<meta name=\"twitter:card\" content=\"summary_large_image\" \/>\n<meta name=\"twitter:creator\" content=\"@Laserluz\" \/>\n<meta name=\"twitter:site\" content=\"@Laserluz\" \/>\n<meta name=\"twitter:label1\" content=\"Escrito por\" \/>\n\t<meta name=\"twitter:data1\" content=\"contenido@inboundmas.es\" \/>\n\t<meta name=\"twitter:label2\" content=\"Tiempo de lectura\" \/>\n\t<meta name=\"twitter:data2\" content=\"2 minutos\" \/>\n<script type=\"application\/ld+json\" class=\"yoast-schema-graph\">{\"@context\":\"https:\/\/schema.org\",\"@graph\":[{\"@type\":\"WebPage\",\"@id\":\"https:\/\/laserluz.com\/blog\/laserluz-en-salon-look-2024\",\"url\":\"https:\/\/laserluz.com\/blog\/laserluz-en-salon-look-2024\",\"name\":\"Laserluz SAL\u00d3N LOOK 2024: Innovaci\u00f3n en Aparatolog\u00eda Est\u00e9tica\",\"isPartOf\":{\"@id\":\"https:\/\/laserluz.com\/blog\/#website\"},\"datePublished\":\"2024-09-10T07:23:03+00:00\",\"dateModified\":\"2025-06-03T09:45:52+00:00\",\"author\":{\"@id\":\"https:\/\/laserluz.com\/blog\/#\/schema\/person\/671fa3beb60328b9588f7e0a79e207ae\"},\"description\":\"Laserluz en SAL\u00d3N LOOK 2024, IFEMA Madrid, del 18 al 20 de octubre. Descubre novedades en aparatolog\u00eda m\u00e9dico-est\u00e9tica y recibe asesor\u00eda.\",\"breadcrumb\":{\"@id\":\"https:\/\/laserluz.com\/blog\/laserluz-en-salon-look-2024#breadcrumb\"},\"inLanguage\":\"es\",\"potentialAction\":[{\"@type\":\"ReadAction\",\"target\":[\"https:\/\/laserluz.com\/blog\/laserluz-en-salon-look-2024\"]}]},{\"@type\":\"BreadcrumbList\",\"@id\":\"https:\/\/laserluz.com\/blog\/laserluz-en-salon-look-2024#breadcrumb\",\"itemListElement\":[{\"@type\":\"ListItem\",\"position\":1,\"name\":\"Portada\",\"item\":\"https:\/\/laserluz.com\/blog\/\"},{\"@type\":\"ListItem\",\"position\":2,\"name\":\"Laserluz en SAL\u00d3N LOOK 2024\"}]},{\"@type\":\"WebSite\",\"@id\":\"https:\/\/laserluz.com\/blog\/#website\",\"url\":\"https:\/\/laserluz.com\/blog\/\",\"name\":\"Laserluz Blog\",\"description\":\"LASERLUZ Blog\",\"potentialAction\":[{\"@type\":\"SearchAction\",\"target\":{\"@type\":\"EntryPoint\",\"urlTemplate\":\"https:\/\/laserluz.com\/blog\/?s={search_term_string}\"},\"query-input\":\"required name=search_term_string\"}],\"inLanguage\":\"es\"},{\"@type\":\"Person\",\"@id\":\"https:\/\/laserluz.com\/blog\/#\/schema\/person\/671fa3beb60328b9588f7e0a79e207ae\",\"name\":\"contenido@inboundmas.es\",\"image\":{\"@type\":\"ImageObject\",\"inLanguage\":\"es\",\"@id\":\"https:\/\/laserluz.com\/blog\/#\/schema\/person\/image\/\",\"url\":\"https:\/\/secure.gravatar.com\/avatar\/36da714ecac5f08c0b55380ddcebe998d4efdaea401d21632d54494d69ca9ee2?s=96&d=mm&r=g\",\"contentUrl\":\"https:\/\/secure.gravatar.com\/avatar\/36da714ecac5f08c0b55380ddcebe998d4efdaea401d21632d54494d69ca9ee2?s=96&d=mm&r=g\",\"caption\":\"contenido@inboundmas.es\"}}]}<\/script>\n<!-- \/ Yoast SEO plugin. -->","yoast_head_json":{"title":"Laserluz SAL\u00d3N LOOK 2024: Innovaci\u00f3n en Aparatolog\u00eda Est\u00e9tica","description":"Laserluz en SAL\u00d3N LOOK 2024, IFEMA Madrid, del 18 al 20 de octubre. Descubre novedades en aparatolog\u00eda m\u00e9dico-est\u00e9tica y recibe asesor\u00eda.","robots":{"index":"index","follow":"follow","max-snippet":"max-snippet:-1","max-image-preview":"max-image-preview:large","max-video-preview":"max-video-preview:-1"},"canonical":"https:\/\/laserluz.com\/blog\/laserluz-en-salon-look-2024","og_locale":"es_ES","og_type":"article","og_title":"Laserluz SAL\u00d3N LOOK 2024: Innovaci\u00f3n en Aparatolog\u00eda Est\u00e9tica","og_description":"Laserluz en SAL\u00d3N LOOK 2024, IFEMA Madrid, del 18 al 20 de octubre. Descubre novedades en aparatolog\u00eda m\u00e9dico-est\u00e9tica y recibe asesor\u00eda.","og_url":"https:\/\/laserluz.com\/blog\/laserluz-en-salon-look-2024","og_site_name":"LASERLUZ Blog","article_publisher":"https:\/\/www.facebook.com\/Laserluzestetica\/","article_published_time":"2024-09-10T07:23:03+00:00","article_modified_time":"2025-06-03T09:45:52+00:00","og_image":[{"width":1024,"height":504,"url":"https:\/\/laserluz.com\/blog\/wp-content\/uploads\/2024\/09\/look-1024x504.png","type":"image\/png"}],"author":"contenido@inboundmas.es","twitter_card":"summary_large_image","twitter_creator":"@Laserluz","twitter_site":"@Laserluz","twitter_misc":{"Escrito por":"contenido@inboundmas.es","Tiempo de lectura":"2 minutos"},"schema":{"@context":"https:\/\/schema.org","@graph":[{"@type":"WebPage","@id":"https:\/\/laserluz.com\/blog\/laserluz-en-salon-look-2024","url":"https:\/\/laserluz.com\/blog\/laserluz-en-salon-look-2024","name":"Laserluz SAL\u00d3N LOOK 2024: Innovaci\u00f3n en Aparatolog\u00eda Est\u00e9tica","isPartOf":{"@id":"https:\/\/laserluz.com\/blog\/#website"},"datePublished":"2024-09-10T07:23:03+00:00","dateModified":"2025-06-03T09:45:52+00:00","author":{"@id":"https:\/\/laserluz.com\/blog\/#\/schema\/person\/671fa3beb60328b9588f7e0a79e207ae"},"description":"Laserluz en SAL\u00d3N LOOK 2024, IFEMA Madrid, del 18 al 20 de octubre. Descubre novedades en aparatolog\u00eda m\u00e9dico-est\u00e9tica y recibe asesor\u00eda.","breadcrumb":{"@id":"https:\/\/laserluz.com\/blog\/laserluz-en-salon-look-2024#breadcrumb"},"inLanguage":"es","potentialAction":[{"@type":"ReadAction","target":["https:\/\/laserluz.com\/blog\/laserluz-en-salon-look-2024"]}]},{"@type":"BreadcrumbList","@id":"https:\/\/laserluz.com\/blog\/laserluz-en-salon-look-2024#breadcrumb","itemListElement":[{"@type":"ListItem","position":1,"name":"Portada","item":"https:\/\/laserluz.com\/blog\/"},{"@type":"ListItem","position":2,"name":"Laserluz en SAL\u00d3N LOOK 2024"}]},{"@type":"WebSite","@id":"https:\/\/laserluz.com\/blog\/#website","url":"https:\/\/laserluz.com\/blog\/","name":"Laserluz Blog","description":"LASERLUZ Blog","potentialAction":[{"@type":"SearchAction","target":{"@type":"EntryPoint","urlTemplate":"https:\/\/laserluz.com\/blog\/?s={search_term_string}"},"query-input":"required name=search_term_string"}],"inLanguage":"es"},{"@type":"Person","@id":"https:\/\/laserluz.com\/blog\/#\/schema\/person\/671fa3beb60328b9588f7e0a79e207ae","name":"contenido@inboundmas.es","image":{"@type":"ImageObject","inLanguage":"es","@id":"https:\/\/laserluz.com\/blog\/#\/schema\/person\/image\/","url":"https:\/\/secure.gravatar.com\/avatar\/36da714ecac5f08c0b55380ddcebe998d4efdaea401d21632d54494d69ca9ee2?s=96&d=mm&r=g","contentUrl":"https:\/\/secure.gravatar.com\/avatar\/36da714ecac5f08c0b55380ddcebe998d4efdaea401d21632d54494d69ca9ee2?s=96&d=mm&r=g","caption":"contenido@inboundmas.es"}}]}},"_links":{"self":[{"href":"https:\/\/laserluz.com\/blog\/wp-json\/wp\/v2\/posts\/6772","targetHints":{"allow":["GET"]}}],"collection":[{"href":"https:\/\/laserluz.com\/blog\/wp-json\/wp\/v2\/posts"}],"about":[{"href":"https:\/\/laserluz.com\/blog\/wp-json\/wp\/v2\/types\/post"}],"author":[{"embeddable":true,"href":"https:\/\/laserluz.com\/blog\/wp-json\/wp\/v2\/users\/11"}],"replies":[{"embeddable":true,"href":"https:\/\/laserluz.com\/blog\/wp-json\/wp\/v2\/comments?post=6772"}],"version-history":[{"count":1,"href":"https:\/\/laserluz.com\/blog\/wp-json\/wp\/v2\/posts\/6772\/revisions"}],"predecessor-version":[{"id":7485,"href":"https:\/\/laserluz.com\/blog\/wp-json\/wp\/v2\/posts\/6772\/revisions\/7485"}],"wp:featuredmedia":[{"embeddable":true,"href":"https:\/\/laserluz.com\/blog\/wp-json\/wp\/v2\/media\/6857"}],"wp:attachment":[{"href":"https:\/\/laserluz.com\/blog\/wp-json\/wp\/v2\/media?parent=6772"}],"wp:term":[{"taxonomy":"category","embeddable":true,"href":"https:\/\/laserluz.com\/blog\/wp-json\/wp\/v2\/categories?post=6772"},{"taxonomy":"post_tag","embeddable":true,"href":"https:\/\/laserluz.com\/blog\/wp-json\/wp\/v2\/tags?post=6772"}],"curies":[{"name":"wp","href":"https:\/\/api.w.org\/{rel}","templated":true}]}}