{"id":6691,"date":"2024-09-06T10:35:20","date_gmt":"2024-09-06T10:35:20","guid":{"rendered":"https:\/\/laserluz.com\/blog\/?p=6691"},"modified":"2025-06-03T09:45:53","modified_gmt":"2025-06-03T09:45:53","slug":"curso-picolaser-para-doctores-medicos","status":"publish","type":"post","link":"https:\/\/laserluz.com\/blog\/curso-picolaser-para-doctores-medicos","title":{"rendered":"Jornadas te\u00f3rico-pr\u00e1cticas de l\u00e1seres despigmentantes (Curso Picol\u00e1ser para Doctores \/ M\u00e9dicos)"},"content":{"rendered":"\n<div class=\"wp-block-columns is-layout-flex wp-container-core-columns-is-layout-9d6595d7 wp-block-columns-is-layout-flex\">\n<div class=\"wp-block-column is-layout-flow wp-block-column-is-layout-flow\" style=\"flex-basis:66.66%\">\n<h1 class=\"wp-block-heading\"><strong>Jornadas te\u00f3rico-pr\u00e1cticas de l\u00e1seres despigmentantes<\/strong> (Curso Picol\u00e1ser para Doctores \/ M\u00e9dicos)<\/h1>\n\n\n\n<p><\/p>\n\n\n\n<br><br>\n\n\n\n<p><strong>Fecha:<\/strong> 23\/09\/2024<\/p>\n\n\n\n<p><strong>Direcci\u00f3n:<\/strong> Sala de Formaci\u00f3n Laserluz. Calle Alpedrete 19 \u2013 P.I Ventorro del Cano \u2013 28925 (Entre Alcorc\u00f3n y Boadilla, Madrid).<\/p>\n\n\n\n<p><strong>Precio:<\/strong> 20\u20ac + IVA. Incluye t\u00edtulo, acreditaci\u00f3n y diploma acreditativo.<\/p>\n\n\n\n<p><strong>Plazas con opci\u00f3n presencial:<\/strong> Limitadas a aforo de la sala de formaci\u00f3n.<\/p>\n\n\n\n<p><strong>Plaza con opci\u00f3n online:<\/strong> sin l\u00edmite<\/p>\n\n\n\n<p><strong>Resumen: <\/strong>En un momento de desarrollo continuo en los l\u00e1seres cut\u00e1neos, donde la formaci\u00f3n y el uso correcto son pilares esenciales para el \u00e9xito, desde LASERLUZ brindamos la oportunidad de participar en el Ier TALLER PR\u00c1CTICO CON L\u00c1SER DE PICOSEGUNDOS.<\/p>\n<\/div>\n\n\n\n<div class=\"wp-block-column is-layout-flow wp-block-column-is-layout-flow\" style=\"flex-basis:33.33%\"><\/div>\n<\/div>\n\n\n\n<h2 class=\"wp-block-heading\">\u00bfQu\u00e9 aprender\u00e1s sobre l\u00e1seres despigmentantes?<\/h2>\n\n\n\n<p>Tras una introducci\u00f3n a las BASES F\u00cdSICAS DE L\u00c1SER DE PICOSEGUNDOS de la mano de la Dra. Erika Faba y la Dra. Alexandra Escobar, en este taller nos enfocaremos sobre todo en la PARTE PR\u00c1CTICA con el l\u00e1ser de picosegundos, trabajando en grupos reducidos de 4-5 personas por cada dispositivo, con la supervisi\u00f3n de especialistas en la aplicaci\u00f3n de los mismos.<\/p>\n\n\n\n<p>El objetivo principal es que cada alumno disponga de un tiempo extendido de trabajo y aplicaci\u00f3n del l\u00e1ser en pacientes reales, de manera que se convierta en una experiencia personalizada y de preparaci\u00f3n para la vida profesional.<\/p>\n\n\n\n<h2 class=\"wp-block-heading\">\u00bfPor qu\u00e9 elegir nuestro taller de l\u00e1seres despigmentantes?<\/h2>\n\n\n\n<ul class=\"wp-block-list\"><li><strong>Experiencia:<\/strong> Contamos con a\u00f1os de experiencia en el campo de la est\u00e9tica, la medicina est\u00e9tica y la aparatolog\u00eda. Nuestros ponentes son profesionales altamente capacitados.<\/li><li><strong>Actualizaci\u00f3n constante:<\/strong> Estamos al tanto de las \u00faltimas tendencias y avances en An\u00e1lisis Dermatoest\u00e9tico. Te proporcionaremos informaci\u00f3n actualizada y relevante.<\/li><li><strong>Networking:<\/strong> Conocer\u00e1s a otros profesionales del sector y podr\u00e1s intercambiar ideas y experiencias.<\/li><\/ul>\n\n\n\n<h2 class=\"wp-block-heading\">Ponentes, expertos en l\u00e1seres despigmentantes:<\/h2>\n\n\n\n<p>Dra. Erika Faba, m\u00e9dico est\u00e9tico en MeClinics y Alerg\u00f3loga<br>Dra. Alexandra Escobar, m\u00e9dico est\u00e9tico en Laserluz.<\/p>\n\n\n\n<h2 class=\"wp-block-heading\">Inscripci\u00f3n en el taller de l\u00e1seres despigmentantes (Curso Picol\u00e1ser para Doctores \/ M\u00e9dicos)<\/h2>\n\n\n\n<p><\/p>\n\n\n\n<p>\u00a1No te pierdas esta oportunidad \u00fanica!&nbsp;<\/p>\n\n\n\n<p>Nota: Una vez realizada la inscripci\u00f3n le llamaremos para confirmarla y formalizarla.&nbsp;<\/p>\n\n\n\n<iframe loading=\"lazy\" id=\"inlineFrameExample\" title=\"Inline Frame Example\" width=\"560\" height=\"560\" src=\"https:\/\/book.timify.com\/?accountId=614afa1b1d9f1e11729e72cf&amp;hideCloseButton=true\" style=\"display:none\">\n<\/iframe>\n<img decoding=\"async\" src=\"https:\/\/laserluz.com\/blog\/wp-content\/uploads\/2025\/06\/CERRADO.jpg\" style=\"max-width:400px\">\n\n\n\n<style>\n.ays-pb-modals{display:none !important;}\n<\/style>\n\n\n\n\n<script type=\"application\/ld+json\">\n    {\n      \"@context\": \"https:\/\/schema.org\",\n      \"@type\": \"Event\",\n      \"name\": \"Est\u00e9tica - Jornadas te\u00f3rico-pr\u00e1cticas de l\u00e1seres despigmentantes (Curso Picol\u00e1ser para Doctores \/ M\u00e9dicos)\",\n      \"startDate\": \"2024-09-23T09:00+02:00\",\n\"endDate\": \"2024-09-23T19:00+02:00\",\n      \"eventAttendanceMode\": \"https:\/\/schema.org\/OfflineEventAttendanceMode\",\n      \"eventStatus\": \"https:\/\/schema.org\/EventScheduled\",\n      \"location\": {\n        \"@type\": \"Place\",\n        \"name\": \"Sala de Formaci\u00f3n LASERLUZ\",\n        \"address\": {\n          \"@type\": \"PostalAddress\",\n          \"streetAddress\": \"Calle Alpedrete, 19 - P.I. Ventorro del Cano\",\n          \"addressLocality\": \"Alcorc\u00f3n\",\n          \"postalCode\": \"28925 \",\n          \"addressRegion\": \"Madrid\",\n          \"addressCountry\": \"Espa\u00f1a\"\n        }\n      },\n      \"image\": [\n        \"https:\/\/laserluz.com\/wp-content\/uploads\/2024\/09\/23.jpg\"\n       ],\n      \"description\": \"Aprende las t\u00e9cnicas m\u00e1s avanzadas en l\u00e1seres despigmentantes. \u00danete a nuestro taller te\u00f3rico pr\u00e1ctico el 23 Septiembre. \u00a1Inscr\u00edbete ahora!\",\n      \"offers\": {\n        \"@type\": \"Offer\",\n        \"url\": \"https:\/\/laserluz.com\/blog\/curso-picolaser-para-doctores-medicos\",\n        \"price\": \"20\",\n        \"priceCurrency\": \"EUR\",\n        \"availability\": \"https:\/\/schema.org\/InStock\",\n        \"validFrom\": \"2024-09-10T09:00+02:00\"\n      },\n      \"performer\": {\n        \"@type\": \"PerformingGroup\",\n        \"name\": \"Formaci\u00f3n de Estetica\"\n      },\n      \"organizer\": {\n        \"@type\": \"Organization\",\n        \"name\": \"Laserluz Technology S.L\",\n        \"url\": \"https:\/\/laserluz.com\/\"\n      }\n    }\n    <\/script>\n","protected":false},"excerpt":{"rendered":"<p>Jornadas te\u00f3rico-pr\u00e1cticas de l\u00e1seres despigmentantes (Curso Picol\u00e1ser para Doctores \/ M\u00e9dicos) Fecha: 23\/09\/2024 Direcci\u00f3n: Sala de Formaci\u00f3n Laserluz. Calle Alpedrete 19 \u2013 P.I Ventorro del Cano \u2013 28925 (Entre Alcorc\u00f3n y Boadilla, Madrid). Precio: 20\u20ac + IVA. Incluye t\u00edtulo, acreditaci\u00f3n y diploma acreditativo. Plazas con opci\u00f3n presencial: Limitadas a aforo de la sala de formaci\u00f3n. [&hellip;]<\/p>\n","protected":false},"author":11,"featured_media":6904,"comment_status":"closed","ping_status":"closed","sticky":false,"template":"","format":"standard","meta":{"footnotes":""},"categories":[397],"tags":[],"class_list":["post-6691","post","type-post","status-publish","format-standard","has-post-thumbnail","hentry","category-formacion-laserluz"],"yoast_head":"<!-- This site is optimized with the Yoast SEO plugin v19.13 - https:\/\/yoast.com\/wordpress\/plugins\/seo\/ -->\n<title>Jornadas te\u00f3rico-pr\u00e1cticas de l\u00e1ser despigmentante para m\u00e9dicos<\/title>\n<meta name=\"description\" content=\"Domina las t\u00e9cnicas avanzadas en l\u00e1ser despigmentante. Participa en nuestro taller te\u00f3rico-pr\u00e1ctico el 23 de septiembre. \u00a1Inscr\u00edbete hoy!\" \/>\n<meta name=\"robots\" content=\"index, follow, max-snippet:-1, max-image-preview:large, max-video-preview:-1\" \/>\n<link rel=\"canonical\" href=\"https:\/\/laserluz.com\/blog\/curso-picolaser-para-doctores-medicos\" \/>\n<meta property=\"og:locale\" content=\"es_ES\" \/>\n<meta property=\"og:type\" content=\"article\" \/>\n<meta property=\"og:title\" content=\"Jornadas te\u00f3rico-pr\u00e1cticas de l\u00e1ser despigmentante para m\u00e9dicos\" \/>\n<meta property=\"og:description\" content=\"Domina las t\u00e9cnicas avanzadas en l\u00e1ser despigmentante. Participa en nuestro taller te\u00f3rico-pr\u00e1ctico el 23 de septiembre. \u00a1Inscr\u00edbete hoy!\" \/>\n<meta property=\"og:url\" content=\"https:\/\/laserluz.com\/blog\/curso-picolaser-para-doctores-medicos\" \/>\n<meta property=\"og:site_name\" content=\"LASERLUZ Blog\" \/>\n<meta property=\"article:publisher\" content=\"https:\/\/www.facebook.com\/Laserluzestetica\/\" \/>\n<meta property=\"article:published_time\" content=\"2024-09-06T10:35:20+00:00\" \/>\n<meta property=\"article:modified_time\" content=\"2025-06-03T09:45:53+00:00\" \/>\n<meta property=\"og:image\" content=\"https:\/\/laserluz.com\/blog\/wp-content\/uploads\/2024\/09\/i__0001_profesionales.jpg\" \/>\n\t<meta property=\"og:image:width\" content=\"1200\" \/>\n\t<meta property=\"og:image:height\" content=\"500\" \/>\n\t<meta property=\"og:image:type\" content=\"image\/jpeg\" \/>\n<meta name=\"author\" content=\"contenido@inboundmas.es\" \/>\n<meta name=\"twitter:card\" content=\"summary_large_image\" \/>\n<meta name=\"twitter:creator\" content=\"@Laserluz\" \/>\n<meta name=\"twitter:site\" content=\"@Laserluz\" \/>\n<meta name=\"twitter:label1\" content=\"Escrito por\" \/>\n\t<meta name=\"twitter:data1\" content=\"contenido@inboundmas.es\" \/>\n\t<meta name=\"twitter:label2\" content=\"Tiempo de lectura\" \/>\n\t<meta name=\"twitter:data2\" content=\"3 minutos\" \/>\n<script type=\"application\/ld+json\" class=\"yoast-schema-graph\">{\"@context\":\"https:\/\/schema.org\",\"@graph\":[{\"@type\":\"WebPage\",\"@id\":\"https:\/\/laserluz.com\/blog\/curso-picolaser-para-doctores-medicos\",\"url\":\"https:\/\/laserluz.com\/blog\/curso-picolaser-para-doctores-medicos\",\"name\":\"Jornadas te\u00f3rico-pr\u00e1cticas de l\u00e1ser despigmentante para m\u00e9dicos\",\"isPartOf\":{\"@id\":\"https:\/\/laserluz.com\/blog\/#website\"},\"datePublished\":\"2024-09-06T10:35:20+00:00\",\"dateModified\":\"2025-06-03T09:45:53+00:00\",\"author\":{\"@id\":\"https:\/\/laserluz.com\/blog\/#\/schema\/person\/671fa3beb60328b9588f7e0a79e207ae\"},\"description\":\"Domina las t\u00e9cnicas avanzadas en l\u00e1ser despigmentante. Participa en nuestro taller te\u00f3rico-pr\u00e1ctico el 23 de septiembre. \u00a1Inscr\u00edbete hoy!\",\"breadcrumb\":{\"@id\":\"https:\/\/laserluz.com\/blog\/curso-picolaser-para-doctores-medicos#breadcrumb\"},\"inLanguage\":\"es\",\"potentialAction\":[{\"@type\":\"ReadAction\",\"target\":[\"https:\/\/laserluz.com\/blog\/curso-picolaser-para-doctores-medicos\"]}]},{\"@type\":\"BreadcrumbList\",\"@id\":\"https:\/\/laserluz.com\/blog\/curso-picolaser-para-doctores-medicos#breadcrumb\",\"itemListElement\":[{\"@type\":\"ListItem\",\"position\":1,\"name\":\"Portada\",\"item\":\"https:\/\/laserluz.com\/blog\/\"},{\"@type\":\"ListItem\",\"position\":2,\"name\":\"Jornadas te\u00f3rico-pr\u00e1cticas de l\u00e1seres despigmentantes (Curso Picol\u00e1ser para Doctores \/ M\u00e9dicos)\"}]},{\"@type\":\"WebSite\",\"@id\":\"https:\/\/laserluz.com\/blog\/#website\",\"url\":\"https:\/\/laserluz.com\/blog\/\",\"name\":\"Laserluz Blog\",\"description\":\"LASERLUZ Blog\",\"potentialAction\":[{\"@type\":\"SearchAction\",\"target\":{\"@type\":\"EntryPoint\",\"urlTemplate\":\"https:\/\/laserluz.com\/blog\/?s={search_term_string}\"},\"query-input\":\"required name=search_term_string\"}],\"inLanguage\":\"es\"},{\"@type\":\"Person\",\"@id\":\"https:\/\/laserluz.com\/blog\/#\/schema\/person\/671fa3beb60328b9588f7e0a79e207ae\",\"name\":\"contenido@inboundmas.es\",\"image\":{\"@type\":\"ImageObject\",\"inLanguage\":\"es\",\"@id\":\"https:\/\/laserluz.com\/blog\/#\/schema\/person\/image\/\",\"url\":\"https:\/\/secure.gravatar.com\/avatar\/36da714ecac5f08c0b55380ddcebe998d4efdaea401d21632d54494d69ca9ee2?s=96&d=mm&r=g\",\"contentUrl\":\"https:\/\/secure.gravatar.com\/avatar\/36da714ecac5f08c0b55380ddcebe998d4efdaea401d21632d54494d69ca9ee2?s=96&d=mm&r=g\",\"caption\":\"contenido@inboundmas.es\"}}]}<\/script>\n<!-- \/ Yoast SEO plugin. -->","yoast_head_json":{"title":"Jornadas te\u00f3rico-pr\u00e1cticas de l\u00e1ser despigmentante para m\u00e9dicos","description":"Domina las t\u00e9cnicas avanzadas en l\u00e1ser despigmentante. Participa en nuestro taller te\u00f3rico-pr\u00e1ctico el 23 de septiembre. \u00a1Inscr\u00edbete hoy!","robots":{"index":"index","follow":"follow","max-snippet":"max-snippet:-1","max-image-preview":"max-image-preview:large","max-video-preview":"max-video-preview:-1"},"canonical":"https:\/\/laserluz.com\/blog\/curso-picolaser-para-doctores-medicos","og_locale":"es_ES","og_type":"article","og_title":"Jornadas te\u00f3rico-pr\u00e1cticas de l\u00e1ser despigmentante para m\u00e9dicos","og_description":"Domina las t\u00e9cnicas avanzadas en l\u00e1ser despigmentante. Participa en nuestro taller te\u00f3rico-pr\u00e1ctico el 23 de septiembre. \u00a1Inscr\u00edbete hoy!","og_url":"https:\/\/laserluz.com\/blog\/curso-picolaser-para-doctores-medicos","og_site_name":"LASERLUZ Blog","article_publisher":"https:\/\/www.facebook.com\/Laserluzestetica\/","article_published_time":"2024-09-06T10:35:20+00:00","article_modified_time":"2025-06-03T09:45:53+00:00","og_image":[{"width":1200,"height":500,"url":"https:\/\/laserluz.com\/blog\/wp-content\/uploads\/2024\/09\/i__0001_profesionales.jpg","type":"image\/jpeg"}],"author":"contenido@inboundmas.es","twitter_card":"summary_large_image","twitter_creator":"@Laserluz","twitter_site":"@Laserluz","twitter_misc":{"Escrito por":"contenido@inboundmas.es","Tiempo de lectura":"3 minutos"},"schema":{"@context":"https:\/\/schema.org","@graph":[{"@type":"WebPage","@id":"https:\/\/laserluz.com\/blog\/curso-picolaser-para-doctores-medicos","url":"https:\/\/laserluz.com\/blog\/curso-picolaser-para-doctores-medicos","name":"Jornadas te\u00f3rico-pr\u00e1cticas de l\u00e1ser despigmentante para m\u00e9dicos","isPartOf":{"@id":"https:\/\/laserluz.com\/blog\/#website"},"datePublished":"2024-09-06T10:35:20+00:00","dateModified":"2025-06-03T09:45:53+00:00","author":{"@id":"https:\/\/laserluz.com\/blog\/#\/schema\/person\/671fa3beb60328b9588f7e0a79e207ae"},"description":"Domina las t\u00e9cnicas avanzadas en l\u00e1ser despigmentante. Participa en nuestro taller te\u00f3rico-pr\u00e1ctico el 23 de septiembre. \u00a1Inscr\u00edbete hoy!","breadcrumb":{"@id":"https:\/\/laserluz.com\/blog\/curso-picolaser-para-doctores-medicos#breadcrumb"},"inLanguage":"es","potentialAction":[{"@type":"ReadAction","target":["https:\/\/laserluz.com\/blog\/curso-picolaser-para-doctores-medicos"]}]},{"@type":"BreadcrumbList","@id":"https:\/\/laserluz.com\/blog\/curso-picolaser-para-doctores-medicos#breadcrumb","itemListElement":[{"@type":"ListItem","position":1,"name":"Portada","item":"https:\/\/laserluz.com\/blog\/"},{"@type":"ListItem","position":2,"name":"Jornadas te\u00f3rico-pr\u00e1cticas de l\u00e1seres despigmentantes (Curso Picol\u00e1ser para Doctores \/ M\u00e9dicos)"}]},{"@type":"WebSite","@id":"https:\/\/laserluz.com\/blog\/#website","url":"https:\/\/laserluz.com\/blog\/","name":"Laserluz Blog","description":"LASERLUZ Blog","potentialAction":[{"@type":"SearchAction","target":{"@type":"EntryPoint","urlTemplate":"https:\/\/laserluz.com\/blog\/?s={search_term_string}"},"query-input":"required name=search_term_string"}],"inLanguage":"es"},{"@type":"Person","@id":"https:\/\/laserluz.com\/blog\/#\/schema\/person\/671fa3beb60328b9588f7e0a79e207ae","name":"contenido@inboundmas.es","image":{"@type":"ImageObject","inLanguage":"es","@id":"https:\/\/laserluz.com\/blog\/#\/schema\/person\/image\/","url":"https:\/\/secure.gravatar.com\/avatar\/36da714ecac5f08c0b55380ddcebe998d4efdaea401d21632d54494d69ca9ee2?s=96&d=mm&r=g","contentUrl":"https:\/\/secure.gravatar.com\/avatar\/36da714ecac5f08c0b55380ddcebe998d4efdaea401d21632d54494d69ca9ee2?s=96&d=mm&r=g","caption":"contenido@inboundmas.es"}}]}},"_links":{"self":[{"href":"https:\/\/laserluz.com\/blog\/wp-json\/wp\/v2\/posts\/6691","targetHints":{"allow":["GET"]}}],"collection":[{"href":"https:\/\/laserluz.com\/blog\/wp-json\/wp\/v2\/posts"}],"about":[{"href":"https:\/\/laserluz.com\/blog\/wp-json\/wp\/v2\/types\/post"}],"author":[{"embeddable":true,"href":"https:\/\/laserluz.com\/blog\/wp-json\/wp\/v2\/users\/11"}],"replies":[{"embeddable":true,"href":"https:\/\/laserluz.com\/blog\/wp-json\/wp\/v2\/comments?post=6691"}],"version-history":[{"count":1,"href":"https:\/\/laserluz.com\/blog\/wp-json\/wp\/v2\/posts\/6691\/revisions"}],"predecessor-version":[{"id":7488,"href":"https:\/\/laserluz.com\/blog\/wp-json\/wp\/v2\/posts\/6691\/revisions\/7488"}],"wp:featuredmedia":[{"embeddable":true,"href":"https:\/\/laserluz.com\/blog\/wp-json\/wp\/v2\/media\/6904"}],"wp:attachment":[{"href":"https:\/\/laserluz.com\/blog\/wp-json\/wp\/v2\/media?parent=6691"}],"wp:term":[{"taxonomy":"category","embeddable":true,"href":"https:\/\/laserluz.com\/blog\/wp-json\/wp\/v2\/categories?post=6691"},{"taxonomy":"post_tag","embeddable":true,"href":"https:\/\/laserluz.com\/blog\/wp-json\/wp\/v2\/tags?post=6691"}],"curies":[{"name":"wp","href":"https:\/\/api.w.org\/{rel}","templated":true}]}}