{"id":6623,"date":"2024-06-12T08:43:30","date_gmt":"2024-06-12T08:43:30","guid":{"rendered":"https:\/\/laserluz.com\/blog\/?p=6623"},"modified":"2025-06-03T09:45:55","modified_gmt":"2025-06-03T09:45:55","slug":"taller-teorico-practico-de-analisis-dermatoestetico","status":"publish","type":"post","link":"https:\/\/laserluz.com\/blog\/taller-teorico-practico-de-analisis-dermatoestetico","title":{"rendered":"Taller Te\u00f3rico Pr\u00e1ctico de An\u00e1lisis Dermatoest\u00e9tico"},"content":{"rendered":"\n<div class=\"wp-block-columns is-layout-flex wp-container-core-columns-is-layout-9d6595d7 wp-block-columns-is-layout-flex\">\n<div class=\"wp-block-column is-layout-flow wp-block-column-is-layout-flow\" style=\"flex-basis:66.66%\">\n<h1 class=\"wp-block-heading\"><strong>Taller Te\u00f3rico Pr\u00e1ctico de An\u00e1lisis Dermatoest\u00e9tico<\/strong>.<\/h1>\n\n\n\n<p><\/p>\n\n\n\n<br><br>\n\n\n\n<ul class=\"wp-block-list\"><li><strong>Fecha<\/strong>:&nbsp;Viernes 21 de Junio<\/li><li><strong>Horario<\/strong>: 10:00h a 14:00h<\/li><li><strong>Direcci\u00f3n<\/strong>:&nbsp;Sala de Formaci\u00f3n LASERLUZ. Calle Alpedrete, 19 &#8211; P.I. Ventorro del Cano &#8211; 28925 | Entre Alcorc\u00f3n y Boadilla del Monte, Madrid<\/li><\/ul>\n\n\n\n<ul class=\"wp-block-list\"><li><strong>Precio<\/strong>:&nbsp;20 Euros + IVA.&nbsp;Incluye t\u00edtulo \/ acreditaci\u00f3n y diploma acreditativo<\/li><\/ul>\n\n\n\n<ul class=\"wp-block-list\"><li><strong>Plazas con opci\u00f3n presencial<\/strong>: Limitadas a aforo de la sala de formaci\u00f3n<\/li><li><strong>Plazas con opci\u00f3n online<\/strong>: Sin l\u00edmite<\/li><\/ul>\n<\/div>\n\n\n\n<div class=\"wp-block-column is-layout-flow wp-block-column-is-layout-flow\" style=\"flex-basis:33.33%\"><\/div>\n<\/div>\n\n\n\n<h2 class=\"wp-block-heading\"><strong>\u00bfQu\u00e9 aprender\u00e1s sobre <strong>An\u00e1lisis Dermatoest\u00e9tico<\/strong>?<\/strong><\/h2>\n\n\n\n<ul class=\"wp-block-list\"><li><strong>Tipos de radiaci\u00f3n solar<\/strong> y el mecanismo de acci\u00f3n en la piel<\/li><li><strong>Patolog\u00edas exacerbadas<\/strong> por la exposici\u00f3n solar<\/li><li><strong>Valoraci\u00f3n y diagn\u00f3stico <\/strong>de lesiones pigmentarias<\/li><li><strong>Inestetismo <\/strong>provocados por la exposici\u00f3n solar durante el verano<\/li><li><strong>Analizador de piel<\/strong>: uso y funcionamiento<\/li><li><strong>Soluciones dermoest\u00e9ticas<\/strong> antes y despu\u00e9s del verano: <strong>aparatolog\u00eda<\/strong><\/li><\/ul>\n\n\n\n<h2 class=\"wp-block-heading\"><strong>\u00bfPor qu\u00e9 elegir nuestro taller de <strong><strong><strong><strong>An\u00e1lisis Dermatoest\u00e9tico<\/strong><\/strong><\/strong><\/strong>?<\/strong><\/h2>\n\n\n\n<ul class=\"wp-block-list\"><li><strong>Experiencia:<\/strong> Contamos con a\u00f1os de experiencia en el campo de la est\u00e9tica, la medicina est\u00e9tica y la aparatolog\u00eda. Nuestros ponentes son profesionales altamente capacitados.<\/li><li><strong>Actualizaci\u00f3n constante:<\/strong> Estamos al tanto de las \u00faltimas tendencias y avances en An\u00e1lisis Dermatoest\u00e9tico. Te proporcionaremos informaci\u00f3n actualizada y relevante.<\/li><li><strong>Networking:<\/strong> Conocer\u00e1s a otros profesionales del sector y podr\u00e1s intercambiar ideas y experiencias.<\/li><\/ul>\n\n\n\n<h2 class=\"wp-block-heading\"><strong>Ponentes, expertos en <strong><strong><strong><strong><strong>An\u00e1lisis Dermatoest\u00e9tico<\/strong><\/strong><\/strong><\/strong><\/strong>:<\/strong><\/h2>\n\n\n\n<p>Alexandra Escobar, M\u00e9dico Est\u00e9tico<\/p>\n\n\n\n<p>Ana Gutierrez, Directora de Formaci\u00f3n en LaserLuz<\/p>\n\n\n\n<h2 class=\"wp-block-heading\"><strong>Inscripci\u00f3n en el <strong>taller de <strong><strong><strong><strong><strong><strong>An\u00e1lisis <\/strong>Dermatoest\u00e9tico<\/strong><\/strong><\/strong><\/strong><\/strong><\/strong><\/strong><\/h2>\n\n\n\n<p><\/p>\n\n\n\n<p>\u00a1No te pierdas esta oportunidad \u00fanica!&nbsp;<\/p>\n\n\n\n<iframe loading=\"lazy\" id=\"inlineFrameExample\" title=\"Inline Frame Example\" width=\"560\" height=\"560\" src=\"https:\/\/book.timify.com\/?accountId=614afa1b1d9f1e11729e72cf&amp;hideCloseButton=true\" style=\"display:none\">\n<\/iframe>\n<img decoding=\"async\" src=\"https:\/\/laserluz.com\/blog\/wp-content\/uploads\/2025\/06\/CERRADO.jpg\" style=\"max-width:400px\">\n\n\n\n<p><\/p>\n\n\n\n<p>Nota: Una vez realizada la inscripci\u00f3n le llamaremos para confirmarla y formalizarla.&nbsp;<\/p>\n\n\n\n<style>\n.ays-pb-modals{display:none !important;}\n<\/style>\n\n\n\n\n<script type=\"application\/ld+json\">\n    {\n      \"@context\": \"https:\/\/schema.org\",\n      \"@type\": \"Event\",\n      \"name\": \"LASERLUZ EST\u00c9TICA. TALLER TE\u00d3RICO PR\u00c1CTICO DE AN\u00c1LISIS DERMATOEST\u00c9TICO\",\n      \"startDate\": \"2024-06-21T10:00-05:00\",\n      \"endDate\": \"2024-06-22T10:00-05:00\",\n      \"eventAttendanceMode\": \"https:\/\/schema.org\/OfflineEventAttendanceMode\",\n      \"eventStatus\": \"https:\/\/schema.org\/EventScheduled\",\n      \"location\": {\n        \"@type\": \"Place\",\n        \"name\": \"Sala de Formaci\u00f3n LASERLUZ\",\n        \"address\": {\n          \"@type\": \"PostalAddress\",\n          \"streetAddress\": \"Calle Alpedrete, 19 - P.I. Ventorro del Cano\",\n          \"addressLocality\": \"Alcorc\u00f3n\",\n          \"postalCode\": \"28925 \",\n          \"addressRegion\": \"Madrid\",\n          \"addressCountry\": \"Espa\u00f1a\"\n        }\n      },\n      \"image\": [\n        \"https:\/\/laserluz.com\/blog\/wp-content\/uploads\/2024\/06\/1000.jpg\"\n       ],\n      \"description\": \"Aprende las t\u00e9cnicas m\u00e1s avanzadas en an\u00e1lisis dermatoest\u00e9tico. \u00danete a nuestro taller te\u00f3rico pr\u00e1ctico el 21 Junio. \u00a1Inscr\u00edbete ahora!\",\n      \"offers\": {\n        \"@type\": \"Offer\",\n        \"url\": \"https:\/\/laserluz.com\/blog\/taller-teorico-practico-de-analisis-dermatoestetico\",\n        \"price\": \"20\",\n        \"priceCurrency\": \"EUR\",\n        \"availability\": \"https:\/\/schema.org\/InStock\",\n        \"validFrom\": \"2024-01-15T10:00\"\n      },\n      \"performer\": {\n        \"@type\": \"PerformingGroup\",\n        \"name\": \"Formaci\u00f3n de Estetica\"\n      },\n      \"organizer\": {\n        \"@type\": \"Organization\",\n        \"name\": \"Laserluz Technology S.L\",\n        \"url\": \"https:\/\/laserluz.com\/\"\n      }\n    }\n    <\/script>\n","protected":false},"excerpt":{"rendered":"<p>Taller Te\u00f3rico Pr\u00e1ctico de An\u00e1lisis Dermatoest\u00e9tico. Fecha:&nbsp;Viernes 21 de Junio Horario: 10:00h a 14:00h Direcci\u00f3n:&nbsp;Sala de Formaci\u00f3n LASERLUZ. Calle Alpedrete, 19 &#8211; P.I. Ventorro del Cano &#8211; 28925 | Entre Alcorc\u00f3n y Boadilla del Monte, Madrid Precio:&nbsp;20 Euros + IVA.&nbsp;Incluye t\u00edtulo \/ acreditaci\u00f3n y diploma acreditativo Plazas con opci\u00f3n presencial: Limitadas a aforo de la [&hellip;]<\/p>\n","protected":false},"author":11,"featured_media":6640,"comment_status":"closed","ping_status":"closed","sticky":false,"template":"","format":"standard","meta":{"footnotes":""},"categories":[397],"tags":[],"class_list":["post-6623","post","type-post","status-publish","format-standard","has-post-thumbnail","hentry","category-formacion-laserluz"],"yoast_head":"<!-- This site is optimized with the Yoast SEO plugin v19.13 - https:\/\/yoast.com\/wordpress\/plugins\/seo\/ -->\n<title>Avanza en el An\u00e1lisis Dermatoest\u00e9tico en este taller exclusivo<\/title>\n<meta name=\"description\" content=\"Aprende las t\u00e9cnicas m\u00e1s avanzadas en An\u00e1lisis Dermatoest\u00e9tico. \u00danete a nuestro taller te\u00f3rico pr\u00e1ctico el 21 Junio. \u00a1Inscr\u00edbete ahora!\" \/>\n<meta name=\"robots\" content=\"index, follow, max-snippet:-1, max-image-preview:large, max-video-preview:-1\" \/>\n<link rel=\"canonical\" href=\"https:\/\/laserluz.com\/blog\/taller-teorico-practico-de-analisis-dermatoestetico\" \/>\n<meta property=\"og:locale\" content=\"es_ES\" \/>\n<meta property=\"og:type\" content=\"article\" \/>\n<meta property=\"og:title\" content=\"Avanza en el An\u00e1lisis Dermatoest\u00e9tico en este taller exclusivo\" \/>\n<meta property=\"og:description\" content=\"Aprende las t\u00e9cnicas m\u00e1s avanzadas en An\u00e1lisis Dermatoest\u00e9tico. \u00danete a nuestro taller te\u00f3rico pr\u00e1ctico el 21 Junio. \u00a1Inscr\u00edbete ahora!\" \/>\n<meta property=\"og:url\" content=\"https:\/\/laserluz.com\/blog\/taller-teorico-practico-de-analisis-dermatoestetico\" \/>\n<meta property=\"og:site_name\" content=\"LASERLUZ Blog\" \/>\n<meta property=\"article:publisher\" content=\"https:\/\/www.facebook.com\/Laserluzestetica\/\" \/>\n<meta property=\"article:published_time\" content=\"2024-06-12T08:43:30+00:00\" \/>\n<meta property=\"article:modified_time\" content=\"2025-06-03T09:45:55+00:00\" \/>\n<meta property=\"og:image\" content=\"https:\/\/laserluz.com\/blog\/wp-content\/uploads\/2024\/06\/1000.jpg\" \/>\n\t<meta property=\"og:image:width\" content=\"1000\" \/>\n\t<meta property=\"og:image:height\" content=\"523\" \/>\n\t<meta property=\"og:image:type\" content=\"image\/jpeg\" \/>\n<meta name=\"author\" content=\"contenido@inboundmas.es\" \/>\n<meta name=\"twitter:card\" content=\"summary_large_image\" \/>\n<meta name=\"twitter:creator\" content=\"@Laserluz\" \/>\n<meta name=\"twitter:site\" content=\"@Laserluz\" \/>\n<meta name=\"twitter:label1\" content=\"Escrito por\" \/>\n\t<meta name=\"twitter:data1\" content=\"contenido@inboundmas.es\" \/>\n\t<meta name=\"twitter:label2\" content=\"Tiempo de lectura\" \/>\n\t<meta name=\"twitter:data2\" content=\"2 minutos\" \/>\n<script type=\"application\/ld+json\" class=\"yoast-schema-graph\">{\"@context\":\"https:\/\/schema.org\",\"@graph\":[{\"@type\":\"WebPage\",\"@id\":\"https:\/\/laserluz.com\/blog\/taller-teorico-practico-de-analisis-dermatoestetico\",\"url\":\"https:\/\/laserluz.com\/blog\/taller-teorico-practico-de-analisis-dermatoestetico\",\"name\":\"Avanza en el An\u00e1lisis Dermatoest\u00e9tico en este taller exclusivo\",\"isPartOf\":{\"@id\":\"https:\/\/laserluz.com\/blog\/#website\"},\"datePublished\":\"2024-06-12T08:43:30+00:00\",\"dateModified\":\"2025-06-03T09:45:55+00:00\",\"author\":{\"@id\":\"https:\/\/laserluz.com\/blog\/#\/schema\/person\/671fa3beb60328b9588f7e0a79e207ae\"},\"description\":\"Aprende las t\u00e9cnicas m\u00e1s avanzadas en An\u00e1lisis Dermatoest\u00e9tico. \u00danete a nuestro taller te\u00f3rico pr\u00e1ctico el 21 Junio. \u00a1Inscr\u00edbete ahora!\",\"breadcrumb\":{\"@id\":\"https:\/\/laserluz.com\/blog\/taller-teorico-practico-de-analisis-dermatoestetico#breadcrumb\"},\"inLanguage\":\"es\",\"potentialAction\":[{\"@type\":\"ReadAction\",\"target\":[\"https:\/\/laserluz.com\/blog\/taller-teorico-practico-de-analisis-dermatoestetico\"]}]},{\"@type\":\"BreadcrumbList\",\"@id\":\"https:\/\/laserluz.com\/blog\/taller-teorico-practico-de-analisis-dermatoestetico#breadcrumb\",\"itemListElement\":[{\"@type\":\"ListItem\",\"position\":1,\"name\":\"Portada\",\"item\":\"https:\/\/laserluz.com\/blog\/\"},{\"@type\":\"ListItem\",\"position\":2,\"name\":\"Taller Te\u00f3rico Pr\u00e1ctico de An\u00e1lisis Dermatoest\u00e9tico\"}]},{\"@type\":\"WebSite\",\"@id\":\"https:\/\/laserluz.com\/blog\/#website\",\"url\":\"https:\/\/laserluz.com\/blog\/\",\"name\":\"Laserluz Blog\",\"description\":\"LASERLUZ Blog\",\"potentialAction\":[{\"@type\":\"SearchAction\",\"target\":{\"@type\":\"EntryPoint\",\"urlTemplate\":\"https:\/\/laserluz.com\/blog\/?s={search_term_string}\"},\"query-input\":\"required name=search_term_string\"}],\"inLanguage\":\"es\"},{\"@type\":\"Person\",\"@id\":\"https:\/\/laserluz.com\/blog\/#\/schema\/person\/671fa3beb60328b9588f7e0a79e207ae\",\"name\":\"contenido@inboundmas.es\",\"image\":{\"@type\":\"ImageObject\",\"inLanguage\":\"es\",\"@id\":\"https:\/\/laserluz.com\/blog\/#\/schema\/person\/image\/\",\"url\":\"https:\/\/secure.gravatar.com\/avatar\/36da714ecac5f08c0b55380ddcebe998d4efdaea401d21632d54494d69ca9ee2?s=96&d=mm&r=g\",\"contentUrl\":\"https:\/\/secure.gravatar.com\/avatar\/36da714ecac5f08c0b55380ddcebe998d4efdaea401d21632d54494d69ca9ee2?s=96&d=mm&r=g\",\"caption\":\"contenido@inboundmas.es\"}}]}<\/script>\n<!-- \/ Yoast SEO plugin. -->","yoast_head_json":{"title":"Avanza en el An\u00e1lisis Dermatoest\u00e9tico en este taller exclusivo","description":"Aprende las t\u00e9cnicas m\u00e1s avanzadas en An\u00e1lisis Dermatoest\u00e9tico. \u00danete a nuestro taller te\u00f3rico pr\u00e1ctico el 21 Junio. \u00a1Inscr\u00edbete ahora!","robots":{"index":"index","follow":"follow","max-snippet":"max-snippet:-1","max-image-preview":"max-image-preview:large","max-video-preview":"max-video-preview:-1"},"canonical":"https:\/\/laserluz.com\/blog\/taller-teorico-practico-de-analisis-dermatoestetico","og_locale":"es_ES","og_type":"article","og_title":"Avanza en el An\u00e1lisis Dermatoest\u00e9tico en este taller exclusivo","og_description":"Aprende las t\u00e9cnicas m\u00e1s avanzadas en An\u00e1lisis Dermatoest\u00e9tico. \u00danete a nuestro taller te\u00f3rico pr\u00e1ctico el 21 Junio. \u00a1Inscr\u00edbete ahora!","og_url":"https:\/\/laserluz.com\/blog\/taller-teorico-practico-de-analisis-dermatoestetico","og_site_name":"LASERLUZ Blog","article_publisher":"https:\/\/www.facebook.com\/Laserluzestetica\/","article_published_time":"2024-06-12T08:43:30+00:00","article_modified_time":"2025-06-03T09:45:55+00:00","og_image":[{"width":1000,"height":523,"url":"https:\/\/laserluz.com\/blog\/wp-content\/uploads\/2024\/06\/1000.jpg","type":"image\/jpeg"}],"author":"contenido@inboundmas.es","twitter_card":"summary_large_image","twitter_creator":"@Laserluz","twitter_site":"@Laserluz","twitter_misc":{"Escrito por":"contenido@inboundmas.es","Tiempo de lectura":"2 minutos"},"schema":{"@context":"https:\/\/schema.org","@graph":[{"@type":"WebPage","@id":"https:\/\/laserluz.com\/blog\/taller-teorico-practico-de-analisis-dermatoestetico","url":"https:\/\/laserluz.com\/blog\/taller-teorico-practico-de-analisis-dermatoestetico","name":"Avanza en el An\u00e1lisis Dermatoest\u00e9tico en este taller exclusivo","isPartOf":{"@id":"https:\/\/laserluz.com\/blog\/#website"},"datePublished":"2024-06-12T08:43:30+00:00","dateModified":"2025-06-03T09:45:55+00:00","author":{"@id":"https:\/\/laserluz.com\/blog\/#\/schema\/person\/671fa3beb60328b9588f7e0a79e207ae"},"description":"Aprende las t\u00e9cnicas m\u00e1s avanzadas en An\u00e1lisis Dermatoest\u00e9tico. \u00danete a nuestro taller te\u00f3rico pr\u00e1ctico el 21 Junio. \u00a1Inscr\u00edbete ahora!","breadcrumb":{"@id":"https:\/\/laserluz.com\/blog\/taller-teorico-practico-de-analisis-dermatoestetico#breadcrumb"},"inLanguage":"es","potentialAction":[{"@type":"ReadAction","target":["https:\/\/laserluz.com\/blog\/taller-teorico-practico-de-analisis-dermatoestetico"]}]},{"@type":"BreadcrumbList","@id":"https:\/\/laserluz.com\/blog\/taller-teorico-practico-de-analisis-dermatoestetico#breadcrumb","itemListElement":[{"@type":"ListItem","position":1,"name":"Portada","item":"https:\/\/laserluz.com\/blog\/"},{"@type":"ListItem","position":2,"name":"Taller Te\u00f3rico Pr\u00e1ctico de An\u00e1lisis Dermatoest\u00e9tico"}]},{"@type":"WebSite","@id":"https:\/\/laserluz.com\/blog\/#website","url":"https:\/\/laserluz.com\/blog\/","name":"Laserluz Blog","description":"LASERLUZ Blog","potentialAction":[{"@type":"SearchAction","target":{"@type":"EntryPoint","urlTemplate":"https:\/\/laserluz.com\/blog\/?s={search_term_string}"},"query-input":"required name=search_term_string"}],"inLanguage":"es"},{"@type":"Person","@id":"https:\/\/laserluz.com\/blog\/#\/schema\/person\/671fa3beb60328b9588f7e0a79e207ae","name":"contenido@inboundmas.es","image":{"@type":"ImageObject","inLanguage":"es","@id":"https:\/\/laserluz.com\/blog\/#\/schema\/person\/image\/","url":"https:\/\/secure.gravatar.com\/avatar\/36da714ecac5f08c0b55380ddcebe998d4efdaea401d21632d54494d69ca9ee2?s=96&d=mm&r=g","contentUrl":"https:\/\/secure.gravatar.com\/avatar\/36da714ecac5f08c0b55380ddcebe998d4efdaea401d21632d54494d69ca9ee2?s=96&d=mm&r=g","caption":"contenido@inboundmas.es"}}]}},"_links":{"self":[{"href":"https:\/\/laserluz.com\/blog\/wp-json\/wp\/v2\/posts\/6623","targetHints":{"allow":["GET"]}}],"collection":[{"href":"https:\/\/laserluz.com\/blog\/wp-json\/wp\/v2\/posts"}],"about":[{"href":"https:\/\/laserluz.com\/blog\/wp-json\/wp\/v2\/types\/post"}],"author":[{"embeddable":true,"href":"https:\/\/laserluz.com\/blog\/wp-json\/wp\/v2\/users\/11"}],"replies":[{"embeddable":true,"href":"https:\/\/laserluz.com\/blog\/wp-json\/wp\/v2\/comments?post=6623"}],"version-history":[{"count":1,"href":"https:\/\/laserluz.com\/blog\/wp-json\/wp\/v2\/posts\/6623\/revisions"}],"predecessor-version":[{"id":7490,"href":"https:\/\/laserluz.com\/blog\/wp-json\/wp\/v2\/posts\/6623\/revisions\/7490"}],"wp:featuredmedia":[{"embeddable":true,"href":"https:\/\/laserluz.com\/blog\/wp-json\/wp\/v2\/media\/6640"}],"wp:attachment":[{"href":"https:\/\/laserluz.com\/blog\/wp-json\/wp\/v2\/media?parent=6623"}],"wp:term":[{"taxonomy":"category","embeddable":true,"href":"https:\/\/laserluz.com\/blog\/wp-json\/wp\/v2\/categories?post=6623"},{"taxonomy":"post_tag","embeddable":true,"href":"https:\/\/laserluz.com\/blog\/wp-json\/wp\/v2\/tags?post=6623"}],"curies":[{"name":"wp","href":"https:\/\/api.w.org\/{rel}","templated":true}]}}