{"id":4786,"date":"2020-07-09T10:16:53","date_gmt":"2020-07-09T10:16:53","guid":{"rendered":"http:\/\/localhost:10025\/?p=4786"},"modified":"2020-07-09T10:16:53","modified_gmt":"2020-07-09T10:16:53","slug":"fatiga-digital-una-enfermedad-desconocida","status":"publish","type":"post","link":"https:\/\/laserluz.com\/blog\/fatiga-digital-una-enfermedad-desconocida","title":{"rendered":"FATIGA DIGITAL, UNA ENFERMEDAD DESCONOCIDA"},"content":{"rendered":"<h1 class=\"subtitle selectionShareable\"><strong>Fatiga digital, una enfermedad desconocida<\/strong><\/h1>\n<h2 class=\"subtitle selectionShareable\" style=\"text-align: justify;\"><span style=\"color: #808080;\"><strong>La fatiga digital es una enfermedad causada por el uso excesivo de dispositivos electr\u00f3nicos y la mala postura que tenemos durante el tiempo de uso.<\/strong><\/span><\/h2>\n<p style=\"text-align: justify;\"><span style=\"color: #000000;\"><!--more--><\/span><\/p>\n<p style=\"text-align: justify;\"><span style=\"color: #000000;\">\u00bfAlguna vez has notado que despu\u00e9s de mucho rato utilizando un ordenador, iPad o m\u00f3vil la vista se te cansa, ves borroso o no enfocas bien? Esta es una de las primeras consecuencias del uso excesivo de los dispositivos electr\u00f3nicos, pero tambi\u00e9n uno de los s\u00edntomas m\u00e1s frecuentes de la fatiga digital.<\/span><\/p>\n<p style=\"text-align: justify;\"><span style=\"color: #000000;\">La <strong>fatiga digital<\/strong> es una enfermedad que padece mucha gente de la poblaci\u00f3n debido a nuestro estilo de vida actual: pr\u00e1cticamente todos pasamos mucho tiempo utilizando dispositivos electr\u00f3nicos,&nbsp;y en los \u00faltimos meses, debido al confinamiento, ese uso se ha visto incrementado en un alto porcentaje, algo que ha tenido (y tiene) consecuencias en nuestro cuerpo: los ojos irritados o cansados, dolores de cabeza frecuentes o dolores de espalda por malas posturas, son algunas de las afecciones m\u00e1s comunes, pero tambi\u00e9n puede haber otro tipo de efectos negativos como por ejemplo que nuestra productividad baje, que tengamos un estado de \u00e1nimo algo alicaido o incluso que nuestra concentraci\u00f3n y nuestra calidad de descanso sean peores.<\/span><\/p>\n<p style=\"text-align: justify;\"><span style=\"color: #000000;\">La luz azul es otro de los aliados de la <strong>fatiga digital<\/strong>, \u00e9sta la emiten los dispositivos electr\u00f3nicos y puede afectar a la reacci\u00f3n de nuestras c\u00e9lulas, es decir, nuestros niveles de melatonina se pueden reducir debido a la mala respuesta de las c\u00e9lulas, lo cual se traduce a un peor sue\u00f1o (la melatonina es la hormona \u00abdel sue\u00f1o\u00bb) y por lo tanto un peor descanso. Sin embargo los efectos negativos de las largas exposiciones de nuestra piel a la luz azul no se quedan ah\u00ed, pues por ejemplo, \u00e9sta es capaz de penetrar m\u00e1s profundamente que los rayos UVA y acelerar el envejecimiento de la piel, p\u00e9rdida de firmeza, aumento de lesiones pigmentarias e incluso una degradaci\u00f3n de la estructura de nuestra piel.<\/span><\/p>\n<p style=\"text-align: justify;\"><span style=\"color: #000000;\">Es cierto que para evitar todo esto, necesitamos reducir considerablemente el uso de los dispositivos electr\u00f3nicos, aqu\u00ed os dejamos algunos consejos:<\/span><\/p>\n<ul>\n<li style=\"text-align: justify;\"><span style=\"color: #000000;\"><strong>Controlar el tiempo medio<\/strong> de uso de los dispositivos, ya sea el m\u00f3vil, la tablet o el ordenador.<\/span><\/li>\n<li style=\"text-align: justify;\"><span style=\"color: #000000;\"><strong>Evitar el uso de m\u00f3viles durante las comidas<\/strong>. Aprovecha este rato de desconexi\u00f3n para disfrutar de la comida y de quienes est\u00e1n sentados a la mesa contigo.<\/span><\/li>\n<li style=\"text-align: justify;\"><span style=\"color: #000000;\"><strong>Desactiva las notificaciones de algunas apps<\/strong> para que est\u00e9s menos pendiente del tel\u00e9fono. Si no son imprescindibles, no las tengas activadas. Tu cuerpo te lo agradecer\u00e1.<\/span><\/li>\n<li style=\"text-align: justify;\"><span style=\"color: #000000;\"><strong>Ponte objetivos semanales<\/strong>. Intenta reducir X minutos por semana el uso de los dispositivos electr\u00f3nicos.<\/span><\/li>\n<li style=\"text-align: justify;\"><span style=\"color: #000000;\">Intenta <strong>no utilizar el m\u00f3vil en la hora previa a acostarte<\/strong>.<\/span><\/li>\n<li style=\"text-align: justify;\"><span style=\"color: #000000;\"><strong>Cuida tu piel con productos que te protejan de la luz azul<\/strong>, como por ejemplo los de la l\u00ednea<\/span>&nbsp;<a href=\"https:\/\/www.vagheggi.es\/315-intense\"><span style=\"color: #81b396;\">INTENSE<\/span><\/a> <span style=\"color: #000000;\">de<\/span> <a href=\"https:\/\/www.vagheggi.es\/\"><span style=\"color: #81b396;\">VAGHEGGI<\/span><\/a><\/li>\n<\/ul>\n<p><span style=\"color: #000000;\">Con todos estos consejos lograr\u00e1s recuperar un sue\u00f1o de calidad, estar\u00e1s m\u00e1s descansada, rendir\u00e1s mejor, tu piel mejorar\u00e1 y t\u00fa te sentir\u00e1s mucho mejor.<\/span><\/p>\n","protected":false},"excerpt":{"rendered":"<p>Fatiga digital, una enfermedad desconocida La fatiga digital es una enfermedad causada por el uso excesivo de dispositivos electr\u00f3nicos y la mala postura que tenemos durante el tiempo de uso.<\/p>\n","protected":false},"author":11,"featured_media":4788,"comment_status":"closed","ping_status":"closed","sticky":false,"template":"","format":"standard","meta":{"footnotes":""},"categories":[398,399],"tags":[383,382,367,379],"class_list":["post-4786","post","type-post","status-publish","format-standard","has-post-thumbnail","hentry","category-398","category-novedades-noticias-curiosidades","tag-cuidado-piel","tag-fatiga-digital","tag-laserluz","tag-laserluz-technology"],"yoast_head":"<!-- This site is optimized with the Yoast SEO plugin v19.13 - https:\/\/yoast.com\/wordpress\/plugins\/seo\/ -->\n<title>FATIGA DIGITAL, UNA ENFERMEDA DESCONOCIDA<\/title>\n<meta name=\"description\" content=\"La fatiga digital es una enfermedad desconocida causada por la mala postura que tenemos durante el uso excesivo de dispositivos electr\u00f3nicos.\" \/>\n<meta name=\"robots\" content=\"index, follow, max-snippet:-1, max-image-preview:large, max-video-preview:-1\" \/>\n<link rel=\"canonical\" href=\"https:\/\/laserluz.com\/blog\/fatiga-digital-una-enfermedad-desconocida\" \/>\n<meta property=\"og:locale\" content=\"es_ES\" \/>\n<meta property=\"og:type\" content=\"article\" \/>\n<meta property=\"og:title\" content=\"FATIGA DIGITAL, UNA ENFERMEDA DESCONOCIDA\" \/>\n<meta property=\"og:description\" content=\"La fatiga digital es una enfermedad desconocida causada por la mala postura que tenemos durante el uso excesivo de dispositivos electr\u00f3nicos.\" \/>\n<meta property=\"og:url\" content=\"https:\/\/laserluz.com\/blog\/fatiga-digital-una-enfermedad-desconocida\" \/>\n<meta property=\"og:site_name\" content=\"LASERLUZ Blog\" \/>\n<meta property=\"article:publisher\" content=\"https:\/\/www.facebook.com\/Laserluzestetica\/\" \/>\n<meta property=\"article:published_time\" content=\"2020-07-09T10:16:53+00:00\" \/>\n<meta property=\"og:image\" content=\"https:\/\/laserluz.com\/blog\/wp-content\/uploads\/2020\/07\/Fatiga-Digital-Consejos.jpg\" \/>\n\t<meta property=\"og:image:width\" content=\"1660\" \/>\n\t<meta property=\"og:image:height\" content=\"516\" \/>\n\t<meta property=\"og:image:type\" content=\"image\/jpeg\" \/>\n<meta name=\"author\" content=\"contenido@inboundmas.es\" \/>\n<meta name=\"twitter:card\" content=\"summary_large_image\" \/>\n<meta name=\"twitter:creator\" content=\"@Laserluz\" \/>\n<meta name=\"twitter:site\" content=\"@Laserluz\" \/>\n<meta name=\"twitter:label1\" content=\"Escrito por\" \/>\n\t<meta name=\"twitter:data1\" content=\"contenido@inboundmas.es\" \/>\n\t<meta name=\"twitter:label2\" content=\"Tiempo de lectura\" \/>\n\t<meta name=\"twitter:data2\" content=\"3 minutos\" \/>\n<script type=\"application\/ld+json\" class=\"yoast-schema-graph\">{\"@context\":\"https:\/\/schema.org\",\"@graph\":[{\"@type\":\"WebPage\",\"@id\":\"https:\/\/laserluz.com\/blog\/fatiga-digital-una-enfermedad-desconocida\",\"url\":\"https:\/\/laserluz.com\/blog\/fatiga-digital-una-enfermedad-desconocida\",\"name\":\"FATIGA DIGITAL, UNA ENFERMEDA DESCONOCIDA\",\"isPartOf\":{\"@id\":\"https:\/\/laserluz.com\/blog\/#website\"},\"datePublished\":\"2020-07-09T10:16:53+00:00\",\"dateModified\":\"2020-07-09T10:16:53+00:00\",\"author\":{\"@id\":\"https:\/\/laserluz.com\/blog\/#\/schema\/person\/671fa3beb60328b9588f7e0a79e207ae\"},\"description\":\"La fatiga digital es una enfermedad desconocida causada por la mala postura que tenemos durante el uso excesivo de dispositivos electr\u00f3nicos.\",\"breadcrumb\":{\"@id\":\"https:\/\/laserluz.com\/blog\/fatiga-digital-una-enfermedad-desconocida#breadcrumb\"},\"inLanguage\":\"es\",\"potentialAction\":[{\"@type\":\"ReadAction\",\"target\":[\"https:\/\/laserluz.com\/blog\/fatiga-digital-una-enfermedad-desconocida\"]}]},{\"@type\":\"BreadcrumbList\",\"@id\":\"https:\/\/laserluz.com\/blog\/fatiga-digital-una-enfermedad-desconocida#breadcrumb\",\"itemListElement\":[{\"@type\":\"ListItem\",\"position\":1,\"name\":\"Portada\",\"item\":\"https:\/\/laserluz.com\/blog\/\"},{\"@type\":\"ListItem\",\"position\":2,\"name\":\"FATIGA DIGITAL, UNA ENFERMEDAD DESCONOCIDA\"}]},{\"@type\":\"WebSite\",\"@id\":\"https:\/\/laserluz.com\/blog\/#website\",\"url\":\"https:\/\/laserluz.com\/blog\/\",\"name\":\"Laserluz Blog\",\"description\":\"LASERLUZ Blog\",\"potentialAction\":[{\"@type\":\"SearchAction\",\"target\":{\"@type\":\"EntryPoint\",\"urlTemplate\":\"https:\/\/laserluz.com\/blog\/?s={search_term_string}\"},\"query-input\":\"required name=search_term_string\"}],\"inLanguage\":\"es\"},{\"@type\":\"Person\",\"@id\":\"https:\/\/laserluz.com\/blog\/#\/schema\/person\/671fa3beb60328b9588f7e0a79e207ae\",\"name\":\"contenido@inboundmas.es\",\"image\":{\"@type\":\"ImageObject\",\"inLanguage\":\"es\",\"@id\":\"https:\/\/laserluz.com\/blog\/#\/schema\/person\/image\/\",\"url\":\"https:\/\/secure.gravatar.com\/avatar\/36da714ecac5f08c0b55380ddcebe998d4efdaea401d21632d54494d69ca9ee2?s=96&d=mm&r=g\",\"contentUrl\":\"https:\/\/secure.gravatar.com\/avatar\/36da714ecac5f08c0b55380ddcebe998d4efdaea401d21632d54494d69ca9ee2?s=96&d=mm&r=g\",\"caption\":\"contenido@inboundmas.es\"}}]}<\/script>\n<!-- \/ Yoast SEO plugin. -->","yoast_head_json":{"title":"FATIGA DIGITAL, UNA ENFERMEDA DESCONOCIDA","description":"La fatiga digital es una enfermedad desconocida causada por la mala postura que tenemos durante el uso excesivo de dispositivos electr\u00f3nicos.","robots":{"index":"index","follow":"follow","max-snippet":"max-snippet:-1","max-image-preview":"max-image-preview:large","max-video-preview":"max-video-preview:-1"},"canonical":"https:\/\/laserluz.com\/blog\/fatiga-digital-una-enfermedad-desconocida","og_locale":"es_ES","og_type":"article","og_title":"FATIGA DIGITAL, UNA ENFERMEDA DESCONOCIDA","og_description":"La fatiga digital es una enfermedad desconocida causada por la mala postura que tenemos durante el uso excesivo de dispositivos electr\u00f3nicos.","og_url":"https:\/\/laserluz.com\/blog\/fatiga-digital-una-enfermedad-desconocida","og_site_name":"LASERLUZ Blog","article_publisher":"https:\/\/www.facebook.com\/Laserluzestetica\/","article_published_time":"2020-07-09T10:16:53+00:00","og_image":[{"width":1660,"height":516,"url":"https:\/\/laserluz.com\/blog\/wp-content\/uploads\/2020\/07\/Fatiga-Digital-Consejos.jpg","type":"image\/jpeg"}],"author":"contenido@inboundmas.es","twitter_card":"summary_large_image","twitter_creator":"@Laserluz","twitter_site":"@Laserluz","twitter_misc":{"Escrito por":"contenido@inboundmas.es","Tiempo de lectura":"3 minutos"},"schema":{"@context":"https:\/\/schema.org","@graph":[{"@type":"WebPage","@id":"https:\/\/laserluz.com\/blog\/fatiga-digital-una-enfermedad-desconocida","url":"https:\/\/laserluz.com\/blog\/fatiga-digital-una-enfermedad-desconocida","name":"FATIGA DIGITAL, UNA ENFERMEDA DESCONOCIDA","isPartOf":{"@id":"https:\/\/laserluz.com\/blog\/#website"},"datePublished":"2020-07-09T10:16:53+00:00","dateModified":"2020-07-09T10:16:53+00:00","author":{"@id":"https:\/\/laserluz.com\/blog\/#\/schema\/person\/671fa3beb60328b9588f7e0a79e207ae"},"description":"La fatiga digital es una enfermedad desconocida causada por la mala postura que tenemos durante el uso excesivo de dispositivos electr\u00f3nicos.","breadcrumb":{"@id":"https:\/\/laserluz.com\/blog\/fatiga-digital-una-enfermedad-desconocida#breadcrumb"},"inLanguage":"es","potentialAction":[{"@type":"ReadAction","target":["https:\/\/laserluz.com\/blog\/fatiga-digital-una-enfermedad-desconocida"]}]},{"@type":"BreadcrumbList","@id":"https:\/\/laserluz.com\/blog\/fatiga-digital-una-enfermedad-desconocida#breadcrumb","itemListElement":[{"@type":"ListItem","position":1,"name":"Portada","item":"https:\/\/laserluz.com\/blog\/"},{"@type":"ListItem","position":2,"name":"FATIGA DIGITAL, UNA ENFERMEDAD DESCONOCIDA"}]},{"@type":"WebSite","@id":"https:\/\/laserluz.com\/blog\/#website","url":"https:\/\/laserluz.com\/blog\/","name":"Laserluz Blog","description":"LASERLUZ Blog","potentialAction":[{"@type":"SearchAction","target":{"@type":"EntryPoint","urlTemplate":"https:\/\/laserluz.com\/blog\/?s={search_term_string}"},"query-input":"required name=search_term_string"}],"inLanguage":"es"},{"@type":"Person","@id":"https:\/\/laserluz.com\/blog\/#\/schema\/person\/671fa3beb60328b9588f7e0a79e207ae","name":"contenido@inboundmas.es","image":{"@type":"ImageObject","inLanguage":"es","@id":"https:\/\/laserluz.com\/blog\/#\/schema\/person\/image\/","url":"https:\/\/secure.gravatar.com\/avatar\/36da714ecac5f08c0b55380ddcebe998d4efdaea401d21632d54494d69ca9ee2?s=96&d=mm&r=g","contentUrl":"https:\/\/secure.gravatar.com\/avatar\/36da714ecac5f08c0b55380ddcebe998d4efdaea401d21632d54494d69ca9ee2?s=96&d=mm&r=g","caption":"contenido@inboundmas.es"}}]}},"_links":{"self":[{"href":"https:\/\/laserluz.com\/blog\/wp-json\/wp\/v2\/posts\/4786","targetHints":{"allow":["GET"]}}],"collection":[{"href":"https:\/\/laserluz.com\/blog\/wp-json\/wp\/v2\/posts"}],"about":[{"href":"https:\/\/laserluz.com\/blog\/wp-json\/wp\/v2\/types\/post"}],"author":[{"embeddable":true,"href":"https:\/\/laserluz.com\/blog\/wp-json\/wp\/v2\/users\/11"}],"replies":[{"embeddable":true,"href":"https:\/\/laserluz.com\/blog\/wp-json\/wp\/v2\/comments?post=4786"}],"version-history":[{"count":0,"href":"https:\/\/laserluz.com\/blog\/wp-json\/wp\/v2\/posts\/4786\/revisions"}],"wp:featuredmedia":[{"embeddable":true,"href":"https:\/\/laserluz.com\/blog\/wp-json\/wp\/v2\/media\/4788"}],"wp:attachment":[{"href":"https:\/\/laserluz.com\/blog\/wp-json\/wp\/v2\/media?parent=4786"}],"wp:term":[{"taxonomy":"category","embeddable":true,"href":"https:\/\/laserluz.com\/blog\/wp-json\/wp\/v2\/categories?post=4786"},{"taxonomy":"post_tag","embeddable":true,"href":"https:\/\/laserluz.com\/blog\/wp-json\/wp\/v2\/tags?post=4786"}],"curies":[{"name":"wp","href":"https:\/\/api.w.org\/{rel}","templated":true}]}}