{"id":4768,"date":"2020-07-07T11:34:58","date_gmt":"2020-07-07T11:34:58","guid":{"rendered":"http:\/\/localhost:10025\/?p=4768"},"modified":"2020-07-07T11:34:58","modified_gmt":"2020-07-07T11:34:58","slug":"cuida-protege-tu-piel-del-uso-las-mascarillas","status":"publish","type":"post","link":"https:\/\/laserluz.com\/blog\/cuida-protege-tu-piel-del-uso-las-mascarillas","title":{"rendered":"CUIDA Y PROTEGE TU PIEL DEL USO DE LAS MASCARILLAS"},"content":{"rendered":"<h1 class=\"subtitle selectionShareable\"><strong>Cuida y protege tu piel del uso de las mascarillas<\/strong><\/h1>\n<h2 class=\"subtitle selectionShareable\" style=\"text-align: justify;\"><span style=\"color: #808080;\">La mascarilla es un imprescindible en nuestro d\u00eda a d\u00eda, pero las altas temperaturas combinadas con las mascarillas pueden provocar la aparici\u00f3n de irritaciones, roces o heridas en nuestra piel<strong>.<\/strong><\/span><\/h2>\n<p style=\"text-align: justify;\"><span style=\"color: #000000;\"><!--more--><\/span><\/p>\n<p style=\"text-align: justify;\"><span style=\"color: #000000;\">El coronavirus ha marcado un antes y un despu\u00e9s en nuestro d\u00eda a d\u00eda. Han cambiado nuestras costumbres, hemos adquirido nuevas y hemos abandonado otras.<\/span><\/p>\n<p style=\"text-align: justify;\"><span style=\"color: #000000;\">Entre las nuevas costumbres que hemos adquirido, encontramos el uso obligatorio de las mascarillas para protegernos de la exposici\u00f3n al Covid-19. Esto es algo a lo que no est\u00e1bamos acostumbrados, pero esta nueva normalidad\u00a0tiene consecuencias en nuestra piel.<\/span><\/p>\n<p style=\"text-align: justify;\"><span style=\"color: #000000;\">Es cierto que el uso de mascarillas, de por s\u00ed, es inc\u00f3modo, pero si a esto le sumamos la llegada de las altas temperaturas, esta incomodidad puede ser mayor todav\u00eda,\u00a0y no solo porque nos cueste m\u00e1s o menos respirar, sino porque nuestra piel puede sufrir lesiones como roces, heridas, descamaci\u00f3n o deshidrataci\u00f3n.<\/span><\/p>\n<p style=\"text-align: justify;\"><span style=\"color: #000000;\">A continuaci\u00f3n os contamos c\u00f3mo prevenir y paliar esas lesiones:<\/span><\/p>\n<p style=\"text-align: justify;\"><span style=\"color: #000000;\"><strong>1.-<\/strong> Antes de utilizar las mascarillas, hay que <strong>realizar una limpieza facial<\/strong> y, posteriormente <strong>aplicar una crema que hidrate profundamente<\/strong> y no reseque el rostro. Sin embargo no hay que olvidar que adem\u00e1s de la cara, hay que aplicar esta crema en el cuello, pues es otra zona que puede verse afectada por el uso de las mascarillas.<\/span><\/p>\n<p style=\"text-align: justify;\"><span style=\"color: #000000;\"><strong>2.-<\/strong> En el caso de ya <strong>haber sufrido alg\u00fan tipo de irritaci\u00f3n, dolor\u00a0o heridas<\/strong>, es conveniente retirar la mascarilla y, en la medida de lo posible, reducir su uso. Adem\u00e1s de esto, os recomendamos <strong>aplicar alguna crema protectora, calmante o regenerativa<\/strong> en las zonas da\u00f1adas.<\/span><\/p>\n<p style=\"text-align: justify;\"><span style=\"color: #000000;\"><strong>3.-<\/strong> <strong>Si<\/strong> eres de las que <strong>utiliza maquillaje,<\/strong> los expertos recomiendan que en las zonas en las que haya contacto de la mascarilla con la piel, <strong>no apliques demasiado make up<\/strong>, base, polvos o colorete, pues con las altas temperaturas, esa zona de la cara producir\u00e1 m\u00e1s sudor y por tanto pueden aparecer granitos que sean inc\u00f3modos.<\/span><\/p>\n<p style=\"text-align: justify;\"><span style=\"color: #000000;\"><strong>4.- Protecci\u00f3n solar:<\/strong> un imprescindible utilicemos o no mascarilla. Actualmente nos encontramos en la \u00e9poca en la que expondremos nuestra piel al sol durante un mayor n\u00famero de horas y tenemos que protegerla para evitar la aparici\u00f3n de manchas, retrasar el envejecimiento prematuro de la piel, evita la aparici\u00f3n de arrugas y previene el c\u00e1ncer de piel.<\/span><\/p>\n<p style=\"text-align: justify;\"><span style=\"color: #000000;\"><strong>5.-<\/strong> <strong>Los labios<\/strong>, los grandes olvidados. Son una de las principales barreras de protecci\u00f3n de nuestro cuerpo y muchas veces no les prestamos la suficiente atenci\u00f3n. Hay que protegerlos no solo de d\u00eda, tambi\u00e9n de noche. Lo ideal es utilizar un b\u00e1lsamo nutritivo y que tenga factor de protecci\u00f3n, el cual hay que\u00a0aplicar aun cuando no vayamos a exponernos al sol.<br \/>\nAs\u00ed mismo, los expertos recomiendan no aplicar ning\u00fan tipo de gloss a la hora de utilizar mascarillas.<\/span><\/p>\n<p style=\"text-align: justify;\"><span style=\"color: #000000;\">Desde<\/span> <a href=\"http:\/\/www.laserluz.co\"><span style=\"color: #c60a5f;\"><strong>Laserluz<\/strong><\/span><\/a><span style=\"color: #000000;\">,<\/span> <span style=\"color: #000000;\">os recomendamos el uso de una <em>fitocosm\u00e9tica<\/em> <em>profesional<\/em> \u00fanica <em>Made in Italy<\/em>:<\/span> <a href=\"https:\/\/www.vagheggi.es\/\"><span style=\"color: #86b39b;\"><strong>Vagheggi<\/strong><\/span><\/a><span style=\"color: #000000;\">, donde podr\u00e9is encontrar una gran variedad de l\u00edneas de cosm\u00e9tica que se adaptan a cualquier tipo de piel y a cualquier necesidad.<\/span><\/p>\n","protected":false},"excerpt":{"rendered":"<p>Cuida y protege tu piel del uso de las mascarillas La mascarilla es un imprescindible en nuestro d\u00eda a d\u00eda, pero las altas temperaturas combinadas con las mascarillas pueden provocar la aparici\u00f3n de irritaciones, roces o heridas en nuestra piel.<\/p>\n","protected":false},"author":11,"featured_media":4780,"comment_status":"open","ping_status":"open","sticky":false,"template":"","format":"standard","meta":{"footnotes":""},"categories":[398,396,399],"tags":[377,367,381,379,380,374,375,376,378],"class_list":["post-4768","post","type-post","status-publish","format-standard","has-post-thumbnail","hentry","category-398","category-aparatologia-medico-estetica-facial","category-novedades-noticias-curiosidades","tag-cuidados-de-la-piel","tag-laserluz","tag-laserluz-estetica","tag-laserluz-technology","tag-laserluzbeauty","tag-mascarilla","tag-mascarilla-quirurgica","tag-proteccion-piel","tag-proteger-la-piel-de-la-mascarilla"],"yoast_head":"<!-- This site is optimized with the Yoast SEO plugin v19.13 - https:\/\/yoast.com\/wordpress\/plugins\/seo\/ -->\n<title>CUIDA Y PROTEGE TU PIEL DEL USO DE LAS MASCARILLAS<\/title>\n<meta name=\"description\" content=\"Consejos sobre c\u00f3mo prevenir y paliar las consecuencias del uso de las mascarillas y c\u00f3mo proteger tus labios. Cuida y protege tu piel.\" \/>\n<meta name=\"robots\" content=\"index, follow, max-snippet:-1, max-image-preview:large, max-video-preview:-1\" \/>\n<link rel=\"canonical\" href=\"https:\/\/laserluz.com\/blog\/cuida-protege-tu-piel-del-uso-las-mascarillas\" \/>\n<meta property=\"og:locale\" content=\"es_ES\" \/>\n<meta property=\"og:type\" content=\"article\" \/>\n<meta property=\"og:title\" content=\"CUIDA Y PROTEGE TU PIEL DEL USO DE LAS MASCARILLAS\" \/>\n<meta property=\"og:description\" content=\"Consejos sobre c\u00f3mo prevenir y paliar las consecuencias del uso de las mascarillas y c\u00f3mo proteger tus labios. Cuida y protege tu piel.\" \/>\n<meta property=\"og:url\" content=\"https:\/\/laserluz.com\/blog\/cuida-protege-tu-piel-del-uso-las-mascarillas\" \/>\n<meta property=\"og:site_name\" content=\"LASERLUZ Blog\" \/>\n<meta property=\"article:publisher\" content=\"https:\/\/www.facebook.com\/Laserluzestetica\/\" \/>\n<meta property=\"article:published_time\" content=\"2020-07-07T11:34:58+00:00\" \/>\n<meta property=\"og:image\" content=\"https:\/\/laserluz.com\/blog\/wp-content\/uploads\/2020\/07\/Mascarillas-Protegete-tu-piel.jpg\" \/>\n\t<meta property=\"og:image:width\" content=\"1660\" \/>\n\t<meta property=\"og:image:height\" content=\"516\" \/>\n\t<meta property=\"og:image:type\" content=\"image\/jpeg\" \/>\n<meta name=\"author\" content=\"contenido@inboundmas.es\" \/>\n<meta name=\"twitter:card\" content=\"summary_large_image\" \/>\n<meta name=\"twitter:creator\" content=\"@Laserluz\" \/>\n<meta name=\"twitter:site\" content=\"@Laserluz\" \/>\n<meta name=\"twitter:label1\" content=\"Escrito por\" \/>\n\t<meta name=\"twitter:data1\" content=\"contenido@inboundmas.es\" \/>\n\t<meta name=\"twitter:label2\" content=\"Tiempo de lectura\" \/>\n\t<meta name=\"twitter:data2\" content=\"3 minutos\" \/>\n<script type=\"application\/ld+json\" class=\"yoast-schema-graph\">{\"@context\":\"https:\/\/schema.org\",\"@graph\":[{\"@type\":\"WebPage\",\"@id\":\"https:\/\/laserluz.com\/blog\/cuida-protege-tu-piel-del-uso-las-mascarillas\",\"url\":\"https:\/\/laserluz.com\/blog\/cuida-protege-tu-piel-del-uso-las-mascarillas\",\"name\":\"CUIDA Y PROTEGE TU PIEL DEL USO DE LAS MASCARILLAS\",\"isPartOf\":{\"@id\":\"https:\/\/laserluz.com\/blog\/#website\"},\"datePublished\":\"2020-07-07T11:34:58+00:00\",\"dateModified\":\"2020-07-07T11:34:58+00:00\",\"author\":{\"@id\":\"https:\/\/laserluz.com\/blog\/#\/schema\/person\/671fa3beb60328b9588f7e0a79e207ae\"},\"description\":\"Consejos sobre c\u00f3mo prevenir y paliar las consecuencias del uso de las mascarillas y c\u00f3mo proteger tus labios. Cuida y protege tu piel.\",\"breadcrumb\":{\"@id\":\"https:\/\/laserluz.com\/blog\/cuida-protege-tu-piel-del-uso-las-mascarillas#breadcrumb\"},\"inLanguage\":\"es\",\"potentialAction\":[{\"@type\":\"ReadAction\",\"target\":[\"https:\/\/laserluz.com\/blog\/cuida-protege-tu-piel-del-uso-las-mascarillas\"]}]},{\"@type\":\"BreadcrumbList\",\"@id\":\"https:\/\/laserluz.com\/blog\/cuida-protege-tu-piel-del-uso-las-mascarillas#breadcrumb\",\"itemListElement\":[{\"@type\":\"ListItem\",\"position\":1,\"name\":\"Portada\",\"item\":\"https:\/\/laserluz.com\/blog\/\"},{\"@type\":\"ListItem\",\"position\":2,\"name\":\"CUIDA Y PROTEGE TU PIEL DEL USO DE LAS MASCARILLAS\"}]},{\"@type\":\"WebSite\",\"@id\":\"https:\/\/laserluz.com\/blog\/#website\",\"url\":\"https:\/\/laserluz.com\/blog\/\",\"name\":\"Laserluz Blog\",\"description\":\"LASERLUZ Blog\",\"potentialAction\":[{\"@type\":\"SearchAction\",\"target\":{\"@type\":\"EntryPoint\",\"urlTemplate\":\"https:\/\/laserluz.com\/blog\/?s={search_term_string}\"},\"query-input\":\"required name=search_term_string\"}],\"inLanguage\":\"es\"},{\"@type\":\"Person\",\"@id\":\"https:\/\/laserluz.com\/blog\/#\/schema\/person\/671fa3beb60328b9588f7e0a79e207ae\",\"name\":\"contenido@inboundmas.es\",\"image\":{\"@type\":\"ImageObject\",\"inLanguage\":\"es\",\"@id\":\"https:\/\/laserluz.com\/blog\/#\/schema\/person\/image\/\",\"url\":\"https:\/\/secure.gravatar.com\/avatar\/36da714ecac5f08c0b55380ddcebe998d4efdaea401d21632d54494d69ca9ee2?s=96&d=mm&r=g\",\"contentUrl\":\"https:\/\/secure.gravatar.com\/avatar\/36da714ecac5f08c0b55380ddcebe998d4efdaea401d21632d54494d69ca9ee2?s=96&d=mm&r=g\",\"caption\":\"contenido@inboundmas.es\"}}]}<\/script>\n<!-- \/ Yoast SEO plugin. -->","yoast_head_json":{"title":"CUIDA Y PROTEGE TU PIEL DEL USO DE LAS MASCARILLAS","description":"Consejos sobre c\u00f3mo prevenir y paliar las consecuencias del uso de las mascarillas y c\u00f3mo proteger tus labios. Cuida y protege tu piel.","robots":{"index":"index","follow":"follow","max-snippet":"max-snippet:-1","max-image-preview":"max-image-preview:large","max-video-preview":"max-video-preview:-1"},"canonical":"https:\/\/laserluz.com\/blog\/cuida-protege-tu-piel-del-uso-las-mascarillas","og_locale":"es_ES","og_type":"article","og_title":"CUIDA Y PROTEGE TU PIEL DEL USO DE LAS MASCARILLAS","og_description":"Consejos sobre c\u00f3mo prevenir y paliar las consecuencias del uso de las mascarillas y c\u00f3mo proteger tus labios. Cuida y protege tu piel.","og_url":"https:\/\/laserluz.com\/blog\/cuida-protege-tu-piel-del-uso-las-mascarillas","og_site_name":"LASERLUZ Blog","article_publisher":"https:\/\/www.facebook.com\/Laserluzestetica\/","article_published_time":"2020-07-07T11:34:58+00:00","og_image":[{"width":1660,"height":516,"url":"https:\/\/laserluz.com\/blog\/wp-content\/uploads\/2020\/07\/Mascarillas-Protegete-tu-piel.jpg","type":"image\/jpeg"}],"author":"contenido@inboundmas.es","twitter_card":"summary_large_image","twitter_creator":"@Laserluz","twitter_site":"@Laserluz","twitter_misc":{"Escrito por":"contenido@inboundmas.es","Tiempo de lectura":"3 minutos"},"schema":{"@context":"https:\/\/schema.org","@graph":[{"@type":"WebPage","@id":"https:\/\/laserluz.com\/blog\/cuida-protege-tu-piel-del-uso-las-mascarillas","url":"https:\/\/laserluz.com\/blog\/cuida-protege-tu-piel-del-uso-las-mascarillas","name":"CUIDA Y PROTEGE TU PIEL DEL USO DE LAS MASCARILLAS","isPartOf":{"@id":"https:\/\/laserluz.com\/blog\/#website"},"datePublished":"2020-07-07T11:34:58+00:00","dateModified":"2020-07-07T11:34:58+00:00","author":{"@id":"https:\/\/laserluz.com\/blog\/#\/schema\/person\/671fa3beb60328b9588f7e0a79e207ae"},"description":"Consejos sobre c\u00f3mo prevenir y paliar las consecuencias del uso de las mascarillas y c\u00f3mo proteger tus labios. Cuida y protege tu piel.","breadcrumb":{"@id":"https:\/\/laserluz.com\/blog\/cuida-protege-tu-piel-del-uso-las-mascarillas#breadcrumb"},"inLanguage":"es","potentialAction":[{"@type":"ReadAction","target":["https:\/\/laserluz.com\/blog\/cuida-protege-tu-piel-del-uso-las-mascarillas"]}]},{"@type":"BreadcrumbList","@id":"https:\/\/laserluz.com\/blog\/cuida-protege-tu-piel-del-uso-las-mascarillas#breadcrumb","itemListElement":[{"@type":"ListItem","position":1,"name":"Portada","item":"https:\/\/laserluz.com\/blog\/"},{"@type":"ListItem","position":2,"name":"CUIDA Y PROTEGE TU PIEL DEL USO DE LAS MASCARILLAS"}]},{"@type":"WebSite","@id":"https:\/\/laserluz.com\/blog\/#website","url":"https:\/\/laserluz.com\/blog\/","name":"Laserluz Blog","description":"LASERLUZ Blog","potentialAction":[{"@type":"SearchAction","target":{"@type":"EntryPoint","urlTemplate":"https:\/\/laserluz.com\/blog\/?s={search_term_string}"},"query-input":"required name=search_term_string"}],"inLanguage":"es"},{"@type":"Person","@id":"https:\/\/laserluz.com\/blog\/#\/schema\/person\/671fa3beb60328b9588f7e0a79e207ae","name":"contenido@inboundmas.es","image":{"@type":"ImageObject","inLanguage":"es","@id":"https:\/\/laserluz.com\/blog\/#\/schema\/person\/image\/","url":"https:\/\/secure.gravatar.com\/avatar\/36da714ecac5f08c0b55380ddcebe998d4efdaea401d21632d54494d69ca9ee2?s=96&d=mm&r=g","contentUrl":"https:\/\/secure.gravatar.com\/avatar\/36da714ecac5f08c0b55380ddcebe998d4efdaea401d21632d54494d69ca9ee2?s=96&d=mm&r=g","caption":"contenido@inboundmas.es"}}]}},"_links":{"self":[{"href":"https:\/\/laserluz.com\/blog\/wp-json\/wp\/v2\/posts\/4768","targetHints":{"allow":["GET"]}}],"collection":[{"href":"https:\/\/laserluz.com\/blog\/wp-json\/wp\/v2\/posts"}],"about":[{"href":"https:\/\/laserluz.com\/blog\/wp-json\/wp\/v2\/types\/post"}],"author":[{"embeddable":true,"href":"https:\/\/laserluz.com\/blog\/wp-json\/wp\/v2\/users\/11"}],"replies":[{"embeddable":true,"href":"https:\/\/laserluz.com\/blog\/wp-json\/wp\/v2\/comments?post=4768"}],"version-history":[{"count":0,"href":"https:\/\/laserluz.com\/blog\/wp-json\/wp\/v2\/posts\/4768\/revisions"}],"wp:featuredmedia":[{"embeddable":true,"href":"https:\/\/laserluz.com\/blog\/wp-json\/wp\/v2\/media\/4780"}],"wp:attachment":[{"href":"https:\/\/laserluz.com\/blog\/wp-json\/wp\/v2\/media?parent=4768"}],"wp:term":[{"taxonomy":"category","embeddable":true,"href":"https:\/\/laserluz.com\/blog\/wp-json\/wp\/v2\/categories?post=4768"},{"taxonomy":"post_tag","embeddable":true,"href":"https:\/\/laserluz.com\/blog\/wp-json\/wp\/v2\/tags?post=4768"}],"curies":[{"name":"wp","href":"https:\/\/api.w.org\/{rel}","templated":true}]}}