{"id":4710,"date":"2020-06-16T10:28:23","date_gmt":"2020-06-16T10:28:23","guid":{"rendered":"http:\/\/localhost:10025\/?p=4710"},"modified":"2020-06-16T10:28:23","modified_gmt":"2020-06-16T10:28:23","slug":"ayudas-autonomos-pymes-estetica","status":"publish","type":"post","link":"https:\/\/laserluz.com\/blog\/ayudas-autonomos-pymes-estetica","title":{"rendered":"AYUDAS ECON\u00d3MICAS PARA EL NEGOCIO DE LA EST\u00c9TICA"},"content":{"rendered":"<h1><strong>Ayudas econ\u00f3micas para el negocio de la est\u00e9tica<\/strong><\/h1>\n<p><span style=\"color: #000000;\">La reciente situaci\u00f3n que hemos vivido en todo el mundo, nos ha afectado tanto a nivel personal como profesional, y como queremos apoyarte en todos los aspectos, hoy os hablaremos de las ayudas econ\u00f3micas que aut\u00f3nomos y PYMES pueden solicitar para reflotar y mantener su negocio.<\/span><\/p>\n<p style=\"text-align: justify;\"><!--more--><\/p>\n<p style=\"text-align: justify;\"><span style=\"color: #000000;\">A continuaci\u00f3n os hacemos un peque\u00f1o resumen de las ayudas que se ofrecen para aut\u00f3nomos y PYMES:<\/span><\/p>\n<p style=\"text-align: justify;\"><span style=\"color: #000000;\">El pasado 17 de marzo, el\u00a0<a style=\"color: #000000;\" title=\"Descargar BOE. Fichero PDF: Abrir\u00e1 nueva ventana\" type=\"web\" href=\"https:\/\/www.boe.es\/buscar\/pdf\/2020\/BOE-A-2020-3824-consolidado.pdf\" target=\"_blank\">Real Decreto-ley 8\/2020 en su art\u00edculo 29<\/a>\u00a0aprob\u00f3 una<strong>\u00a0L\u00ednea de Avales del Estado de hasta 100.000 millones de euros,<\/strong>\u00a0del Ministerio de Asuntos Econ\u00f3micos y Transformaci\u00f3n Digital, para facilitar el mantenimiento del empleo y paliar los efectos econ\u00f3micos de la crisis sanitaria. Los avales se otorgar\u00edan a la financiaci\u00f3n concedida, por las entidades financieras para facilitar acceso al cr\u00e9dito y liquidez a empresas y aut\u00f3nomos para hacer frente al impacto econ\u00f3mico y social del COVID-19.<\/span><\/p>\n<p style=\"text-align: justify;\"><span style=\"color: #000000;\"><strong>\u00bfQui\u00e9nes y d\u00f3nde se pueden pedir las ayudas? <\/strong>Las empresas y aut\u00f3nomos podr\u00e1n tener acceso a estos avales a trav\u00e9s de sus entidades financieras, mediante la formalizaci\u00f3n de nuevas operaciones de financiaci\u00f3n o renovaci\u00f3n de las existentes.<\/span><\/p>\n<p style=\"text-align: justify;\"><span style=\"color: #000000;\"><strong>\u00bfQu\u00e9 entidades financieras operan en esta l\u00ednea?\u00a0<\/strong><\/span><\/p>\n<ul>\n<li><span style=\"color: #000000;\">Entidades de cr\u00e9dito<\/span><\/li>\n<li><span style=\"color: #000000;\">Establecimientos financieros de cr\u00e9dito<\/span><\/li>\n<li><span style=\"color: #000000;\">Entidades de dinero electr\u00f3nico<\/span><\/li>\n<li><span style=\"color: #000000;\">Entidades de pagos<\/span><\/li>\n<\/ul>\n<p><span style=\"color: #000000;\">Deber\u00e1n estar registradas y supervisadas por el Banco de Espa\u00f1a y haber suscrito con ICO un contrato marco para participar en la L\u00ednea de Avales.<\/span><\/p>\n<p style=\"text-align: justify;\"><span style=\"color: #000000;\"><strong>\u00bfPara qu\u00e9 se pueden solicitar?<\/strong>\u00a0Para facilitar el mantenimiento del empleo y paliar los efectos econ\u00f3micos del COVID-19, teniendo como objetivo\u00a0<strong>cubrir los nuevos pr\u00e9stamos y otras modalidades de financiaci\u00f3n y las renovaciones concedidos por entidades financieras a empresas y aut\u00f3nomos para atender las necesidades de financiaci\u00f3n<\/strong>\u00a0como:<\/span><\/p>\n<ul>\n<li><span style=\"color: #000000;\">Pagos de salarios<\/span><\/li>\n<li><span style=\"color: #000000;\">Facturas de proveedores pendientes de liquidar<\/span><\/li>\n<li><span style=\"color: #000000;\">Alquileres de locales, oficinas e instalaciones<\/span><\/li>\n<li><span style=\"color: #000000;\">Gastos de suministros<\/span><\/li>\n<li><span style=\"color: #000000;\">Necesidad de circulante<\/span><\/li>\n<li><span style=\"color: #000000;\">Otras necesidades de liquidez, incluyendo las derivadas de vencimientos de obligaciones financieras o tributarias<\/span><\/li>\n<\/ul>\n<p><span style=\"color: #000000;\"><strong>\u00bfHasta cu\u00e1ndo se pueden solicitar estas ayudas?<\/strong> Las\u00a0entidades financieras pueden solicitar el aval\u00a0para los pr\u00e9stamos y operaciones suscritas con aut\u00f3nomos y empresas formalizados o renovados a partir del 18 de marzo de 2020 y hasta el 30 de septiembre de 2020.<\/span><\/p>\n<p><span style=\"color: #000000;\"><strong>\u00bfCu\u00e1nto cubre el aval?<\/strong> En el caso de a<strong>ut\u00f3nomos y pymes el aval garantizar\u00e1 el 80%<\/strong>\u00a0del principal de las nuevas operaciones de financiaci\u00f3n y de las renovaciones.<\/span><\/p>\n<p><span style=\"color: #000000;\"><strong>\u00bfCu\u00e1l es el plazo de vigencia del aval?\u00a0<\/strong>El plazo del aval emitido coincidir\u00e1 con el plazo de la operaci\u00f3n,\u00a0<strong>hasta un m\u00e1ximo de 5 a\u00f1os.<\/strong><\/span><\/p>\n<p>&nbsp;<\/p>\n<p><span style=\"color: #000000;\">En Laserluz tambi\u00e9n queremos ayudarte en tu negocio y por eso, a la hora de contratar nuestros servicios o hacerte con cualquiera de nuestros equipos, ofrecemos condiciones flexibles a ti y tus circunstancias.<\/span><br \/>\n<span style=\"color: #000000;\"> Siempre estaremos a tu lado, tanto en los buenos como en los malos momentos, y ahora m\u00e1s que nunca somos una familia que nos tenemos que ayudar.<\/span><\/p>\n<p>&nbsp;<\/p>\n","protected":false},"excerpt":{"rendered":"<p>Ayudas econ\u00f3micas para el negocio de la est\u00e9tica La reciente situaci\u00f3n que hemos vivido en todo el mundo, nos ha afectado tanto a nivel personal como profesional, y como queremos apoyarte en todos los aspectos, hoy os hablaremos de las ayudas econ\u00f3micas que aut\u00f3nomos y PYMES pueden solicitar para reflotar y mantener su negocio.<\/p>\n","protected":false},"author":11,"featured_media":4711,"comment_status":"closed","ping_status":"closed","sticky":false,"template":"","format":"standard","meta":{"footnotes":""},"categories":[398,393,399],"tags":[356,352,354,353,355],"class_list":["post-4710","post","type-post","status-publish","format-standard","has-post-thumbnail","hentry","category-398","category-protocolos-tratamientos-laserluz-aparatologia-de-ultima-generacion","category-novedades-noticias-curiosidades","tag-autonomos","tag-ayudas-economicas","tag-estetica","tag-laser","tag-pymes"],"yoast_head":"<!-- This site is optimized with the Yoast SEO plugin v19.13 - https:\/\/yoast.com\/wordpress\/plugins\/seo\/ -->\n<title>AYUDAS ECON\u00d3MICAS AUT\u00d3NOMOS Y PYMES EST\u00c9TICA<\/title>\n<meta name=\"description\" content=\"Os hacemos un breve resumen sobre c\u00f3mo, d\u00f3nde y cu\u00e1ndo solicitar ayudas econ\u00f3micas para reflotar y continuar con tu negocio m\u00e9dico-est\u00e9tico.\" \/>\n<meta name=\"robots\" content=\"index, follow, max-snippet:-1, max-image-preview:large, max-video-preview:-1\" \/>\n<link rel=\"canonical\" href=\"https:\/\/laserluz.com\/blog\/ayudas-autonomos-pymes-estetica\" \/>\n<meta property=\"og:locale\" content=\"es_ES\" \/>\n<meta property=\"og:type\" content=\"article\" \/>\n<meta property=\"og:title\" content=\"AYUDAS ECON\u00d3MICAS AUT\u00d3NOMOS Y PYMES EST\u00c9TICA\" \/>\n<meta property=\"og:description\" content=\"Os hacemos un breve resumen sobre c\u00f3mo, d\u00f3nde y cu\u00e1ndo solicitar ayudas econ\u00f3micas para reflotar y continuar con tu negocio m\u00e9dico-est\u00e9tico.\" \/>\n<meta property=\"og:url\" content=\"https:\/\/laserluz.com\/blog\/ayudas-autonomos-pymes-estetica\" \/>\n<meta property=\"og:site_name\" content=\"LASERLUZ Blog\" \/>\n<meta property=\"article:publisher\" content=\"https:\/\/www.facebook.com\/Laserluzestetica\/\" \/>\n<meta property=\"article:published_time\" content=\"2020-06-16T10:28:23+00:00\" \/>\n<meta property=\"og:image\" content=\"https:\/\/laserluz.com\/blog\/wp-content\/uploads\/2020\/06\/Ayudas-econo\u0301micas-PYMES-y-auto\u0301nomos.jpg\" \/>\n\t<meta property=\"og:image:width\" content=\"1660\" \/>\n\t<meta property=\"og:image:height\" content=\"516\" \/>\n\t<meta property=\"og:image:type\" content=\"image\/jpeg\" \/>\n<meta name=\"author\" content=\"contenido@inboundmas.es\" \/>\n<meta name=\"twitter:card\" content=\"summary_large_image\" \/>\n<meta name=\"twitter:creator\" content=\"@Laserluz\" \/>\n<meta name=\"twitter:site\" content=\"@Laserluz\" \/>\n<meta name=\"twitter:label1\" content=\"Escrito por\" \/>\n\t<meta name=\"twitter:data1\" content=\"contenido@inboundmas.es\" \/>\n\t<meta name=\"twitter:label2\" content=\"Tiempo de lectura\" \/>\n\t<meta name=\"twitter:data2\" content=\"3 minutos\" \/>\n<script type=\"application\/ld+json\" class=\"yoast-schema-graph\">{\"@context\":\"https:\/\/schema.org\",\"@graph\":[{\"@type\":\"WebPage\",\"@id\":\"https:\/\/laserluz.com\/blog\/ayudas-autonomos-pymes-estetica\",\"url\":\"https:\/\/laserluz.com\/blog\/ayudas-autonomos-pymes-estetica\",\"name\":\"AYUDAS ECON\u00d3MICAS AUT\u00d3NOMOS Y PYMES EST\u00c9TICA\",\"isPartOf\":{\"@id\":\"https:\/\/laserluz.com\/blog\/#website\"},\"datePublished\":\"2020-06-16T10:28:23+00:00\",\"dateModified\":\"2020-06-16T10:28:23+00:00\",\"author\":{\"@id\":\"https:\/\/laserluz.com\/blog\/#\/schema\/person\/671fa3beb60328b9588f7e0a79e207ae\"},\"description\":\"Os hacemos un breve resumen sobre c\u00f3mo, d\u00f3nde y cu\u00e1ndo solicitar ayudas econ\u00f3micas para reflotar y continuar con tu negocio m\u00e9dico-est\u00e9tico.\",\"breadcrumb\":{\"@id\":\"https:\/\/laserluz.com\/blog\/ayudas-autonomos-pymes-estetica#breadcrumb\"},\"inLanguage\":\"es\",\"potentialAction\":[{\"@type\":\"ReadAction\",\"target\":[\"https:\/\/laserluz.com\/blog\/ayudas-autonomos-pymes-estetica\"]}]},{\"@type\":\"BreadcrumbList\",\"@id\":\"https:\/\/laserluz.com\/blog\/ayudas-autonomos-pymes-estetica#breadcrumb\",\"itemListElement\":[{\"@type\":\"ListItem\",\"position\":1,\"name\":\"Portada\",\"item\":\"https:\/\/laserluz.com\/blog\/\"},{\"@type\":\"ListItem\",\"position\":2,\"name\":\"AYUDAS ECON\u00d3MICAS PARA EL NEGOCIO DE LA EST\u00c9TICA\"}]},{\"@type\":\"WebSite\",\"@id\":\"https:\/\/laserluz.com\/blog\/#website\",\"url\":\"https:\/\/laserluz.com\/blog\/\",\"name\":\"Laserluz Blog\",\"description\":\"LASERLUZ Blog\",\"potentialAction\":[{\"@type\":\"SearchAction\",\"target\":{\"@type\":\"EntryPoint\",\"urlTemplate\":\"https:\/\/laserluz.com\/blog\/?s={search_term_string}\"},\"query-input\":\"required name=search_term_string\"}],\"inLanguage\":\"es\"},{\"@type\":\"Person\",\"@id\":\"https:\/\/laserluz.com\/blog\/#\/schema\/person\/671fa3beb60328b9588f7e0a79e207ae\",\"name\":\"contenido@inboundmas.es\",\"image\":{\"@type\":\"ImageObject\",\"inLanguage\":\"es\",\"@id\":\"https:\/\/laserluz.com\/blog\/#\/schema\/person\/image\/\",\"url\":\"https:\/\/secure.gravatar.com\/avatar\/36da714ecac5f08c0b55380ddcebe998d4efdaea401d21632d54494d69ca9ee2?s=96&d=mm&r=g\",\"contentUrl\":\"https:\/\/secure.gravatar.com\/avatar\/36da714ecac5f08c0b55380ddcebe998d4efdaea401d21632d54494d69ca9ee2?s=96&d=mm&r=g\",\"caption\":\"contenido@inboundmas.es\"}}]}<\/script>\n<!-- \/ Yoast SEO plugin. -->","yoast_head_json":{"title":"AYUDAS ECON\u00d3MICAS AUT\u00d3NOMOS Y PYMES EST\u00c9TICA","description":"Os hacemos un breve resumen sobre c\u00f3mo, d\u00f3nde y cu\u00e1ndo solicitar ayudas econ\u00f3micas para reflotar y continuar con tu negocio m\u00e9dico-est\u00e9tico.","robots":{"index":"index","follow":"follow","max-snippet":"max-snippet:-1","max-image-preview":"max-image-preview:large","max-video-preview":"max-video-preview:-1"},"canonical":"https:\/\/laserluz.com\/blog\/ayudas-autonomos-pymes-estetica","og_locale":"es_ES","og_type":"article","og_title":"AYUDAS ECON\u00d3MICAS AUT\u00d3NOMOS Y PYMES EST\u00c9TICA","og_description":"Os hacemos un breve resumen sobre c\u00f3mo, d\u00f3nde y cu\u00e1ndo solicitar ayudas econ\u00f3micas para reflotar y continuar con tu negocio m\u00e9dico-est\u00e9tico.","og_url":"https:\/\/laserluz.com\/blog\/ayudas-autonomos-pymes-estetica","og_site_name":"LASERLUZ Blog","article_publisher":"https:\/\/www.facebook.com\/Laserluzestetica\/","article_published_time":"2020-06-16T10:28:23+00:00","og_image":[{"width":1660,"height":516,"url":"https:\/\/laserluz.com\/blog\/wp-content\/uploads\/2020\/06\/Ayudas-econo\u0301micas-PYMES-y-auto\u0301nomos.jpg","type":"image\/jpeg"}],"author":"contenido@inboundmas.es","twitter_card":"summary_large_image","twitter_creator":"@Laserluz","twitter_site":"@Laserluz","twitter_misc":{"Escrito por":"contenido@inboundmas.es","Tiempo de lectura":"3 minutos"},"schema":{"@context":"https:\/\/schema.org","@graph":[{"@type":"WebPage","@id":"https:\/\/laserluz.com\/blog\/ayudas-autonomos-pymes-estetica","url":"https:\/\/laserluz.com\/blog\/ayudas-autonomos-pymes-estetica","name":"AYUDAS ECON\u00d3MICAS AUT\u00d3NOMOS Y PYMES EST\u00c9TICA","isPartOf":{"@id":"https:\/\/laserluz.com\/blog\/#website"},"datePublished":"2020-06-16T10:28:23+00:00","dateModified":"2020-06-16T10:28:23+00:00","author":{"@id":"https:\/\/laserluz.com\/blog\/#\/schema\/person\/671fa3beb60328b9588f7e0a79e207ae"},"description":"Os hacemos un breve resumen sobre c\u00f3mo, d\u00f3nde y cu\u00e1ndo solicitar ayudas econ\u00f3micas para reflotar y continuar con tu negocio m\u00e9dico-est\u00e9tico.","breadcrumb":{"@id":"https:\/\/laserluz.com\/blog\/ayudas-autonomos-pymes-estetica#breadcrumb"},"inLanguage":"es","potentialAction":[{"@type":"ReadAction","target":["https:\/\/laserluz.com\/blog\/ayudas-autonomos-pymes-estetica"]}]},{"@type":"BreadcrumbList","@id":"https:\/\/laserluz.com\/blog\/ayudas-autonomos-pymes-estetica#breadcrumb","itemListElement":[{"@type":"ListItem","position":1,"name":"Portada","item":"https:\/\/laserluz.com\/blog\/"},{"@type":"ListItem","position":2,"name":"AYUDAS ECON\u00d3MICAS PARA EL NEGOCIO DE LA EST\u00c9TICA"}]},{"@type":"WebSite","@id":"https:\/\/laserluz.com\/blog\/#website","url":"https:\/\/laserluz.com\/blog\/","name":"Laserluz Blog","description":"LASERLUZ Blog","potentialAction":[{"@type":"SearchAction","target":{"@type":"EntryPoint","urlTemplate":"https:\/\/laserluz.com\/blog\/?s={search_term_string}"},"query-input":"required name=search_term_string"}],"inLanguage":"es"},{"@type":"Person","@id":"https:\/\/laserluz.com\/blog\/#\/schema\/person\/671fa3beb60328b9588f7e0a79e207ae","name":"contenido@inboundmas.es","image":{"@type":"ImageObject","inLanguage":"es","@id":"https:\/\/laserluz.com\/blog\/#\/schema\/person\/image\/","url":"https:\/\/secure.gravatar.com\/avatar\/36da714ecac5f08c0b55380ddcebe998d4efdaea401d21632d54494d69ca9ee2?s=96&d=mm&r=g","contentUrl":"https:\/\/secure.gravatar.com\/avatar\/36da714ecac5f08c0b55380ddcebe998d4efdaea401d21632d54494d69ca9ee2?s=96&d=mm&r=g","caption":"contenido@inboundmas.es"}}]}},"_links":{"self":[{"href":"https:\/\/laserluz.com\/blog\/wp-json\/wp\/v2\/posts\/4710","targetHints":{"allow":["GET"]}}],"collection":[{"href":"https:\/\/laserluz.com\/blog\/wp-json\/wp\/v2\/posts"}],"about":[{"href":"https:\/\/laserluz.com\/blog\/wp-json\/wp\/v2\/types\/post"}],"author":[{"embeddable":true,"href":"https:\/\/laserluz.com\/blog\/wp-json\/wp\/v2\/users\/11"}],"replies":[{"embeddable":true,"href":"https:\/\/laserluz.com\/blog\/wp-json\/wp\/v2\/comments?post=4710"}],"version-history":[{"count":0,"href":"https:\/\/laserluz.com\/blog\/wp-json\/wp\/v2\/posts\/4710\/revisions"}],"wp:featuredmedia":[{"embeddable":true,"href":"https:\/\/laserluz.com\/blog\/wp-json\/wp\/v2\/media\/4711"}],"wp:attachment":[{"href":"https:\/\/laserluz.com\/blog\/wp-json\/wp\/v2\/media?parent=4710"}],"wp:term":[{"taxonomy":"category","embeddable":true,"href":"https:\/\/laserluz.com\/blog\/wp-json\/wp\/v2\/categories?post=4710"},{"taxonomy":"post_tag","embeddable":true,"href":"https:\/\/laserluz.com\/blog\/wp-json\/wp\/v2\/tags?post=4710"}],"curies":[{"name":"wp","href":"https:\/\/api.w.org\/{rel}","templated":true}]}}