{"id":4702,"date":"2020-03-30T18:49:15","date_gmt":"2020-03-30T18:49:15","guid":{"rendered":"http:\/\/localhost:10025\/?p=4702"},"modified":"2020-03-30T18:49:15","modified_gmt":"2020-03-30T18:49:15","slug":"iuvenis-2-0-la-radiofrecuencia-facial-y-corporal-con-la-que-conseguir-reusltados-profesionales","status":"publish","type":"post","link":"https:\/\/laserluz.com\/blog\/iuvenis-2-0-la-radiofrecuencia-facial-y-corporal-con-la-que-conseguir-reusltados-profesionales","title":{"rendered":"LA RADIOFREUCENCIA, EL MEJOR COMPLEMENTO PARA TU GIMNASIA FACIAL Y CORPORAL"},"content":{"rendered":"<h1 class=\"s4\" style=\"text-align: justify;\"><strong>La radiofrecuencia, el mejor complemento para tu gimnasia facial y corporal<\/strong><\/h1>\n<p class=\"s4\" style=\"text-align: justify;\"><span class=\"s3\">Reafirmar tu\u00a0cara y tu cuerpo en un centro m\u00e9dico-est\u00e9tico y con resultados visibles desde la primera sesi\u00f3n es posible gracias a la <a href=\"https:\/\/laserluz.com\/equipos-de-radiofrecuencia\/\"><strong>radiofrecuencia<\/strong><\/a><\/span><span class=\"s3\"> y sus m\u00faltiples beneficios<\/span><span class=\"s3\">.<\/span><\/p>\n<p style=\"text-align: justify;\">La <a href=\"https:\/\/laserluz.com\/equipos-de-radiofrecuencia\/\"><strong>radiofrecuencia<\/strong><\/a>: el primer lifting facial y corporal sin cirug\u00eda con resultados visibles y duraderos para rejuvenecer, reafirmar y regenerar tu piel.<\/p>\n<p><!--more--><\/p>\n<p class=\"s4\" style=\"text-align: justify;\"><span class=\"s7\">La reafirmaci\u00f3n facial y corporal son dos de los objetivos que m\u00e1s se desean a la hora de realizarnos un tratamiento m\u00e9dico-est\u00e9tico, y para ello la mejor opci\u00f3n es la <a href=\"https:\/\/laserluz.com\/equipos-de-radiofrecuencia\/\"><strong>radiofrecuencia<\/strong><\/a>, un equipo completo que te permite conseguir resultados visibles a nivel facial y a nivel corporal.<\/span><\/p>\n<p class=\"s4\" style=\"text-align: justify;\"><span class=\"s7\">Hoy os explicaremos qu\u00e9 es, cu\u00e1les es el objetivo de sus tratamientos, cu\u00e1les son los beneficios y los resultados que se pueden conseguir con este equipo.<\/span><\/p>\n<p class=\"s4\" style=\"text-align: justify;\"><span class=\"s7\">La <strong><a href=\"https:\/\/laserluz.com\/equipos-de-radiofrecuencia\/\">radiofrecuencia<\/a><\/strong> es un conjunto de ondas electromagn\u00e9ticas que, al aplicarse sobre la piel, provocan un movimiento rotacional de las mol\u00e9culas que, por frotamiento, generan calor desde dentro hacia fuera.<\/span><\/p>\n<p class=\"s4\" style=\"text-align: justify;\"><span class=\"s7\">Este aumento de la temperatura va a favorecer la formaci\u00f3n de nuevo col\u00e1geno y el estiramiento del\u00a0ya existente, adem\u00e1s de activar los mecanismos de regeneraci\u00f3n celular, mejorar el drenaje linf\u00e1tico y aumentar la circulaci\u00f3n de la zona, eliminando las grasas superficiales en \u00e1reas localizadas.<\/span><\/p>\n<p class=\"s4\" style=\"text-align: justify;\"><span class=\"s7\">Gracias al tratamiento facial o corporal realizado con lo \u00faltimo en radiofrecuencia podr\u00e1s presumir de una piel fresca, renovada y mucho m\u00e1s joven.<\/span><\/p>\n<p class=\"s4\" style=\"text-align: justify;\"><strong><span class=\"s8\">\u00bfCu\u00e1les son los objetivos de la radiofrecuencia?<\/span><\/strong><\/p>\n<p class=\"s4\" style=\"text-align: justify;\">\u00a0<span class=\"s7\">Tiene como objetivo reafirmar y remodelar el rostro y el cuerpo, lo que le convierte en el equipo m\u00e1s vers\u00e1til del mercado<\/span><span class=\"s7\">. <\/span><a href=\"https:\/\/laserluz.com\/equipos-de-radiofrecuencia\/\"><span class=\"s7\"><strong>Iuvenis<\/strong><\/span><strong><span class=\"s7\"> 2.0 <\/span><span class=\"s7\">Radiofrequency<\/span><\/strong><\/a><span class=\"s7\">, la radiofrecuencia de <\/span><span class=\"s7\">Laserluz<\/span><span class=\"s7\">, define el contorno, mejora la coloraci\u00f3n de la piel y su firmeza, ayuda a la eliminaci\u00f3n de surcos y arrugas, reduce la papada y deja el rostro luminoso y lleno de vida. Corporalmente es capaz de minimizar la piel de naranja, alisar las estr\u00edas, aumentar la circulaci\u00f3n de la zona y, en definitiva, mejorar la calidad y elasticidad de la piel.<\/span><\/p>\n<p class=\"s4\" style=\"text-align: justify;\"><strong>\u00bfC\u00f3mo son las sesiones con <a href=\"https:\/\/laserluz.com\/equipos-de-radiofrecuencia\/\">Iuvenis 2.0 Radiofrequency<\/a>?<\/strong><\/p>\n<p class=\"s4\" style=\"text-align: justify;\"><span class=\"s7\">A <strong>nivel facial<\/strong>, se realizar\u00e1n unas 6 u 8 sesiones de 20 a 40 minutos para lograr un rostro fresco, luminoso y sin arrugas.<br \/>\n<\/span><span class=\"s7\">A <strong>nivel corporal<\/strong>, recomendamos entre 8 y 10 sesiones de 20 a 60 minutos de duraci\u00f3n para que puedas lucir un cuerpo remodelado y sin celulitis.<\/span><\/p>\n<p class=\"s4\" style=\"text-align: justify;\"><span class=\"s7\">Adem\u00e1s, se trata de un tratamiento relajante, indoloro, seguro, no invasivo, r\u00e1pido y eficaz, con resultados visibles desde la primera sesi\u00f3n y sin efectos secundarios.<\/span><\/p>\n<p class=\"s4\" style=\"text-align: justify;\"><strong><span class=\"s8\">\u00bfQu\u00e9 resultados se obtienen con la Radiofrecuencia?<\/span><\/strong><\/p>\n<div class=\"s10\" style=\"text-align: justify;\"><span class=\"s9\">&#8211; <\/span><span class=\"s7\">Remodela y reafirma la cara y el cuerpo<\/span><\/div>\n<div class=\"s10\" style=\"text-align: justify;\"><span class=\"s9\">&#8211; <\/span><span class=\"s7\">Reducci\u00f3n de bolsas y ojeras<\/span><\/div>\n<div class=\"s10\" style=\"text-align: justify;\"><span class=\"s9\">&#8211; <\/span><span class=\"s7\">Lifting facial y corporal<\/span><\/div>\n<div class=\"s10\" style=\"text-align: justify;\"><span class=\"s9\">&#8211; <\/span><span class=\"s7\">Disminuci\u00f3n de la piel de naranja<\/span><\/div>\n<div class=\"s10\" style=\"text-align: justify;\">&#8211; Alisamiento de estr\u00edas<\/div>\n<div class=\"s10\" style=\"text-align: justify;\">&#8211; Aumento de la circulaci\u00f3n de la zona tratada<\/div>\n<p class=\"s4\" style=\"text-align: justify;\"><span class=\"s7\">La radiofrecuencia te garantiza tratamientos con resultados profesionales que buscas mientras te relajas. <\/span><a href=\"https:\/\/laserluz.com\/equipos-de-radiofrecuencia\/\"><strong><span class=\"s8\">Iuvenis<\/span><span class=\"s8\"> 2.0 <\/span><span class=\"s8\">Radiofrequency<\/span><\/strong><\/a><span class=\"s7\"> est\u00e1 indicada para cualquier persona, in<\/span><span class=\"s7\">dependientemente de la edad o sexo ya que su finalidad es cuidar, remodelar y restaurar las pieles da\u00f1adas. \u00a1Adem\u00e1s, se puede aplicar para conseguir ese efecto \u201cflash\u201d que a veces buscamos para ocasiones <\/span><span class=\"s7\">especiales!.<\/span><\/p>\n","protected":false},"excerpt":{"rendered":"<p>La radiofrecuencia, el mejor complemento para tu gimnasia facial y corporal Reafirmar tu\u00a0cara y tu cuerpo en un centro m\u00e9dico-est\u00e9tico y con resultados visibles desde la primera sesi\u00f3n es posible gracias a la radiofrecuencia y sus m\u00faltiples beneficios. La radiofrecuencia: el primer lifting facial y corporal sin cirug\u00eda con resultados visibles y duraderos para rejuvenecer, [&hellip;]<\/p>\n","protected":false},"author":11,"featured_media":4705,"comment_status":"closed","ping_status":"closed","sticky":false,"template":"","format":"standard","meta":{"footnotes":""},"categories":[398,393,395,396],"tags":[],"class_list":["post-4702","post","type-post","status-publish","format-standard","has-post-thumbnail","hentry","category-398","category-protocolos-tratamientos-laserluz-aparatologia-de-ultima-generacion","category-aparatologia-especifica-tratamientos-corporales","category-aparatologia-medico-estetica-facial"],"yoast_head":"<!-- This site is optimized with the Yoast SEO plugin v19.13 - https:\/\/yoast.com\/wordpress\/plugins\/seo\/ -->\n<title>LA RADIOFRECUENCIA COMO COMPLEMENTO PARA TU GIMNASIA FACIAL Y CORPORAL<\/title>\n<meta name=\"description\" content=\"El primer lifting facial y corporal sin cirug\u00eda con resultados visibles y duraderos para rejuvenecer, reafirmar y regenerar tu piel.\" \/>\n<meta name=\"robots\" content=\"index, follow, max-snippet:-1, max-image-preview:large, max-video-preview:-1\" \/>\n<link rel=\"canonical\" href=\"https:\/\/laserluz.com\/blog\/iuvenis-2-0-la-radiofrecuencia-facial-y-corporal-con-la-que-conseguir-reusltados-profesionales\" \/>\n<meta property=\"og:locale\" content=\"es_ES\" \/>\n<meta property=\"og:type\" content=\"article\" \/>\n<meta property=\"og:title\" content=\"LA RADIOFRECUENCIA COMO COMPLEMENTO PARA TU GIMNASIA FACIAL Y CORPORAL\" \/>\n<meta property=\"og:description\" content=\"El primer lifting facial y corporal sin cirug\u00eda con resultados visibles y duraderos para rejuvenecer, reafirmar y regenerar tu piel.\" \/>\n<meta property=\"og:url\" content=\"https:\/\/laserluz.com\/blog\/iuvenis-2-0-la-radiofrecuencia-facial-y-corporal-con-la-que-conseguir-reusltados-profesionales\" \/>\n<meta property=\"og:site_name\" content=\"LASERLUZ Blog\" \/>\n<meta property=\"article:publisher\" content=\"https:\/\/www.facebook.com\/Laserluzestetica\/\" \/>\n<meta property=\"article:published_time\" content=\"2020-03-30T18:49:15+00:00\" \/>\n<meta property=\"og:image\" content=\"https:\/\/laserluz.com\/blog\/wp-content\/uploads\/2020\/03\/Radiofrecuencia-gimnasia-facial-corporal.jpg\" \/>\n\t<meta property=\"og:image:width\" content=\"1660\" \/>\n\t<meta property=\"og:image:height\" content=\"516\" \/>\n\t<meta property=\"og:image:type\" content=\"image\/jpeg\" \/>\n<meta name=\"author\" content=\"contenido@inboundmas.es\" \/>\n<meta name=\"twitter:card\" content=\"summary_large_image\" \/>\n<meta name=\"twitter:creator\" content=\"@Laserluz\" \/>\n<meta name=\"twitter:site\" content=\"@Laserluz\" \/>\n<meta name=\"twitter:label1\" content=\"Escrito por\" \/>\n\t<meta name=\"twitter:data1\" content=\"contenido@inboundmas.es\" \/>\n\t<meta name=\"twitter:label2\" content=\"Tiempo de lectura\" \/>\n\t<meta name=\"twitter:data2\" content=\"3 minutos\" \/>\n<script type=\"application\/ld+json\" class=\"yoast-schema-graph\">{\"@context\":\"https:\/\/schema.org\",\"@graph\":[{\"@type\":\"WebPage\",\"@id\":\"https:\/\/laserluz.com\/blog\/iuvenis-2-0-la-radiofrecuencia-facial-y-corporal-con-la-que-conseguir-reusltados-profesionales\",\"url\":\"https:\/\/laserluz.com\/blog\/iuvenis-2-0-la-radiofrecuencia-facial-y-corporal-con-la-que-conseguir-reusltados-profesionales\",\"name\":\"LA RADIOFRECUENCIA COMO COMPLEMENTO PARA TU GIMNASIA FACIAL Y CORPORAL\",\"isPartOf\":{\"@id\":\"https:\/\/laserluz.com\/blog\/#website\"},\"datePublished\":\"2020-03-30T18:49:15+00:00\",\"dateModified\":\"2020-03-30T18:49:15+00:00\",\"author\":{\"@id\":\"https:\/\/laserluz.com\/blog\/#\/schema\/person\/671fa3beb60328b9588f7e0a79e207ae\"},\"description\":\"El primer lifting facial y corporal sin cirug\u00eda con resultados visibles y duraderos para rejuvenecer, reafirmar y regenerar tu piel.\",\"breadcrumb\":{\"@id\":\"https:\/\/laserluz.com\/blog\/iuvenis-2-0-la-radiofrecuencia-facial-y-corporal-con-la-que-conseguir-reusltados-profesionales#breadcrumb\"},\"inLanguage\":\"es\",\"potentialAction\":[{\"@type\":\"ReadAction\",\"target\":[\"https:\/\/laserluz.com\/blog\/iuvenis-2-0-la-radiofrecuencia-facial-y-corporal-con-la-que-conseguir-reusltados-profesionales\"]}]},{\"@type\":\"BreadcrumbList\",\"@id\":\"https:\/\/laserluz.com\/blog\/iuvenis-2-0-la-radiofrecuencia-facial-y-corporal-con-la-que-conseguir-reusltados-profesionales#breadcrumb\",\"itemListElement\":[{\"@type\":\"ListItem\",\"position\":1,\"name\":\"Portada\",\"item\":\"https:\/\/laserluz.com\/blog\/\"},{\"@type\":\"ListItem\",\"position\":2,\"name\":\"LA RADIOFREUCENCIA, EL MEJOR COMPLEMENTO PARA TU GIMNASIA FACIAL Y CORPORAL\"}]},{\"@type\":\"WebSite\",\"@id\":\"https:\/\/laserluz.com\/blog\/#website\",\"url\":\"https:\/\/laserluz.com\/blog\/\",\"name\":\"Laserluz Blog\",\"description\":\"LASERLUZ Blog\",\"potentialAction\":[{\"@type\":\"SearchAction\",\"target\":{\"@type\":\"EntryPoint\",\"urlTemplate\":\"https:\/\/laserluz.com\/blog\/?s={search_term_string}\"},\"query-input\":\"required name=search_term_string\"}],\"inLanguage\":\"es\"},{\"@type\":\"Person\",\"@id\":\"https:\/\/laserluz.com\/blog\/#\/schema\/person\/671fa3beb60328b9588f7e0a79e207ae\",\"name\":\"contenido@inboundmas.es\",\"image\":{\"@type\":\"ImageObject\",\"inLanguage\":\"es\",\"@id\":\"https:\/\/laserluz.com\/blog\/#\/schema\/person\/image\/\",\"url\":\"https:\/\/secure.gravatar.com\/avatar\/36da714ecac5f08c0b55380ddcebe998d4efdaea401d21632d54494d69ca9ee2?s=96&d=mm&r=g\",\"contentUrl\":\"https:\/\/secure.gravatar.com\/avatar\/36da714ecac5f08c0b55380ddcebe998d4efdaea401d21632d54494d69ca9ee2?s=96&d=mm&r=g\",\"caption\":\"contenido@inboundmas.es\"}}]}<\/script>\n<!-- \/ Yoast SEO plugin. -->","yoast_head_json":{"title":"LA RADIOFRECUENCIA COMO COMPLEMENTO PARA TU GIMNASIA FACIAL Y CORPORAL","description":"El primer lifting facial y corporal sin cirug\u00eda con resultados visibles y duraderos para rejuvenecer, reafirmar y regenerar tu piel.","robots":{"index":"index","follow":"follow","max-snippet":"max-snippet:-1","max-image-preview":"max-image-preview:large","max-video-preview":"max-video-preview:-1"},"canonical":"https:\/\/laserluz.com\/blog\/iuvenis-2-0-la-radiofrecuencia-facial-y-corporal-con-la-que-conseguir-reusltados-profesionales","og_locale":"es_ES","og_type":"article","og_title":"LA RADIOFRECUENCIA COMO COMPLEMENTO PARA TU GIMNASIA FACIAL Y CORPORAL","og_description":"El primer lifting facial y corporal sin cirug\u00eda con resultados visibles y duraderos para rejuvenecer, reafirmar y regenerar tu piel.","og_url":"https:\/\/laserluz.com\/blog\/iuvenis-2-0-la-radiofrecuencia-facial-y-corporal-con-la-que-conseguir-reusltados-profesionales","og_site_name":"LASERLUZ Blog","article_publisher":"https:\/\/www.facebook.com\/Laserluzestetica\/","article_published_time":"2020-03-30T18:49:15+00:00","og_image":[{"width":1660,"height":516,"url":"https:\/\/laserluz.com\/blog\/wp-content\/uploads\/2020\/03\/Radiofrecuencia-gimnasia-facial-corporal.jpg","type":"image\/jpeg"}],"author":"contenido@inboundmas.es","twitter_card":"summary_large_image","twitter_creator":"@Laserluz","twitter_site":"@Laserluz","twitter_misc":{"Escrito por":"contenido@inboundmas.es","Tiempo de lectura":"3 minutos"},"schema":{"@context":"https:\/\/schema.org","@graph":[{"@type":"WebPage","@id":"https:\/\/laserluz.com\/blog\/iuvenis-2-0-la-radiofrecuencia-facial-y-corporal-con-la-que-conseguir-reusltados-profesionales","url":"https:\/\/laserluz.com\/blog\/iuvenis-2-0-la-radiofrecuencia-facial-y-corporal-con-la-que-conseguir-reusltados-profesionales","name":"LA RADIOFRECUENCIA COMO COMPLEMENTO PARA TU GIMNASIA FACIAL Y CORPORAL","isPartOf":{"@id":"https:\/\/laserluz.com\/blog\/#website"},"datePublished":"2020-03-30T18:49:15+00:00","dateModified":"2020-03-30T18:49:15+00:00","author":{"@id":"https:\/\/laserluz.com\/blog\/#\/schema\/person\/671fa3beb60328b9588f7e0a79e207ae"},"description":"El primer lifting facial y corporal sin cirug\u00eda con resultados visibles y duraderos para rejuvenecer, reafirmar y regenerar tu piel.","breadcrumb":{"@id":"https:\/\/laserluz.com\/blog\/iuvenis-2-0-la-radiofrecuencia-facial-y-corporal-con-la-que-conseguir-reusltados-profesionales#breadcrumb"},"inLanguage":"es","potentialAction":[{"@type":"ReadAction","target":["https:\/\/laserluz.com\/blog\/iuvenis-2-0-la-radiofrecuencia-facial-y-corporal-con-la-que-conseguir-reusltados-profesionales"]}]},{"@type":"BreadcrumbList","@id":"https:\/\/laserluz.com\/blog\/iuvenis-2-0-la-radiofrecuencia-facial-y-corporal-con-la-que-conseguir-reusltados-profesionales#breadcrumb","itemListElement":[{"@type":"ListItem","position":1,"name":"Portada","item":"https:\/\/laserluz.com\/blog\/"},{"@type":"ListItem","position":2,"name":"LA RADIOFREUCENCIA, EL MEJOR COMPLEMENTO PARA TU GIMNASIA FACIAL Y CORPORAL"}]},{"@type":"WebSite","@id":"https:\/\/laserluz.com\/blog\/#website","url":"https:\/\/laserluz.com\/blog\/","name":"Laserluz Blog","description":"LASERLUZ Blog","potentialAction":[{"@type":"SearchAction","target":{"@type":"EntryPoint","urlTemplate":"https:\/\/laserluz.com\/blog\/?s={search_term_string}"},"query-input":"required name=search_term_string"}],"inLanguage":"es"},{"@type":"Person","@id":"https:\/\/laserluz.com\/blog\/#\/schema\/person\/671fa3beb60328b9588f7e0a79e207ae","name":"contenido@inboundmas.es","image":{"@type":"ImageObject","inLanguage":"es","@id":"https:\/\/laserluz.com\/blog\/#\/schema\/person\/image\/","url":"https:\/\/secure.gravatar.com\/avatar\/36da714ecac5f08c0b55380ddcebe998d4efdaea401d21632d54494d69ca9ee2?s=96&d=mm&r=g","contentUrl":"https:\/\/secure.gravatar.com\/avatar\/36da714ecac5f08c0b55380ddcebe998d4efdaea401d21632d54494d69ca9ee2?s=96&d=mm&r=g","caption":"contenido@inboundmas.es"}}]}},"_links":{"self":[{"href":"https:\/\/laserluz.com\/blog\/wp-json\/wp\/v2\/posts\/4702","targetHints":{"allow":["GET"]}}],"collection":[{"href":"https:\/\/laserluz.com\/blog\/wp-json\/wp\/v2\/posts"}],"about":[{"href":"https:\/\/laserluz.com\/blog\/wp-json\/wp\/v2\/types\/post"}],"author":[{"embeddable":true,"href":"https:\/\/laserluz.com\/blog\/wp-json\/wp\/v2\/users\/11"}],"replies":[{"embeddable":true,"href":"https:\/\/laserluz.com\/blog\/wp-json\/wp\/v2\/comments?post=4702"}],"version-history":[{"count":0,"href":"https:\/\/laserluz.com\/blog\/wp-json\/wp\/v2\/posts\/4702\/revisions"}],"wp:featuredmedia":[{"embeddable":true,"href":"https:\/\/laserluz.com\/blog\/wp-json\/wp\/v2\/media\/4705"}],"wp:attachment":[{"href":"https:\/\/laserluz.com\/blog\/wp-json\/wp\/v2\/media?parent=4702"}],"wp:term":[{"taxonomy":"category","embeddable":true,"href":"https:\/\/laserluz.com\/blog\/wp-json\/wp\/v2\/categories?post=4702"},{"taxonomy":"post_tag","embeddable":true,"href":"https:\/\/laserluz.com\/blog\/wp-json\/wp\/v2\/tags?post=4702"}],"curies":[{"name":"wp","href":"https:\/\/api.w.org\/{rel}","templated":true}]}}