{"id":3583,"date":"2019-01-30T15:42:45","date_gmt":"2019-01-30T15:42:45","guid":{"rendered":"http:\/\/localhost:10025\/?p=3583"},"modified":"2019-01-30T15:42:45","modified_gmt":"2019-01-30T15:42:45","slug":"cavitacion-y-presoterapia-el-duo-del-verano","status":"publish","type":"post","link":"https:\/\/laserluz.com\/blog\/cavitacion-y-presoterapia-el-duo-del-verano","title":{"rendered":"LOS MEJORES D\u00daOS DEL VERANO &#8211; PARTE I"},"content":{"rendered":"<h1 class=\"brush: xml; title: ; notranslate\"><strong><span style=\"color: #000000;\">Los mejores d\u00faos del verano &#8211; Parte I<\/span><\/strong><\/h1>\n<h2 class=\"brush: xml; title: ; notranslate\"><span style=\"color: #000000;\">Prep\u00e1rate para el verano con este d\u00fao de aparatolog\u00eda corporal.<\/span><\/h2>\n<p class=\"p1\" style=\"text-align: justify;\"><span class=\"s1\" style=\"color: #000000;\">Llega el buen tiempo y con el las ganas de mejorar nuestro aspecto f\u00edsico. Hoy os presentamos\u00a0un paquete de aparatolog\u00eda pensado para prepararnos\u00a0a nivel corporal.<\/span><\/p>\n<p style=\"text-align: justify;\"><span style=\"color: #000000;\"><!--more--><\/span><\/p>\n<p class=\"p1\" style=\"text-align: justify;\"><span class=\"s1\" style=\"color: #000000;\">As\u00ed nace el d\u00fao corporal de\u00a0<a href=\"https:\/\/laserluz.com\/equipos-de-cavitacion\/\"><span style=\"color: #c60a5f;\"><strong>Cavita Plus<\/strong><\/span><\/a>\u00a0y\u00a0<a href=\"https:\/\/laserluz.com\/equipos-de-presoterapia-elixia-pressotherapy\/\"><strong><span style=\"color: #c60a5f;\">Elixia Pressotherapy<\/span><\/strong><\/a>\u00a0para eliminar esos cent\u00edmetros de m\u00e1s acumulados durante el invierno ahora que llega el tiempo de eventos, celebraciones y vacaciones veraniegas.<\/span><\/p>\n<p class=\"p1\" style=\"text-align: justify;\"><span class=\"s1\" style=\"color: #000000;\">La\u00a0<a href=\"https:\/\/laserluz.com\/equipos-de-cavitacion\/\"><strong><span style=\"color: #c60a5f;\">cavitaci\u00f3n<\/span><\/strong><\/a>\u00a0y la\u00a0<a href=\"https:\/\/laserluz.com\/equipos-de-presoterapia-elixia-pressotherapy\/\"><strong><span style=\"color: #c60a5f;\">presoterapia<\/span><\/strong><\/a>\u00a0han pasado de ser una tecnolog\u00eda de \u201cmoda\u201d en los centros de est\u00e9tica e instalaciones similares a formar parte de la esa\u00a0<a href=\"https:\/\/laserluz.com\/aparatologia-de-estetica\/\"><strong><span style=\"color: #c60a5f;\">aparatolog\u00eda b\u00e1sica<\/span><\/strong><\/a>\u00a0que todo centro debe poseer por sus por sus resultados, por su fiabilidad y por su rentabilidad.<\/span><\/p>\n<p class=\"p1\" style=\"text-align: justify;\"><span style=\"color: #000000;\">\u00bfC\u00f3mo funciona este d\u00fao de<\/span>\u00a0<a href=\"https:\/\/laserluz.com\/equipos-de-cavitacion\/\"><strong><span style=\"color: #c60a5f;\">cavitaci\u00f3n<\/span><\/strong><\/a>\u00a0<strong><span style=\"color: #c60a5f;\">+<\/span>\u00a0<a href=\"https:\/\/laserluz.com\/equipos-de-presoterapia-elixia-pressotherapy\/\"><span style=\"color: #c60a5f;\">presoterapia<\/span><\/a><\/strong>?<\/p>\n<p class=\"p1\" style=\"text-align: justify;\"><span class=\"s1\"><span style=\"color: #000000;\">Para los que aun no lo conozcan, la<\/span>\u00a0<a href=\"https:\/\/laserluz.com\/equipos-de-cavitacion\/\"><strong><span style=\"color: #c60a5f;\">cavitaci\u00f3n<\/span><\/strong><\/a>\u00a0<span style=\"color: #000000;\">es un fen\u00f3meno f\u00edsico de Resonancia Ac\u00fastica que se logra cuando se emite una frecuencia determinada contra una estructura s\u00f3lida. La cavitaci\u00f3n aplicada a la est\u00e9tica provoca la destrucci\u00f3n de la c\u00e9lula adiposa consiguiendo transformar la grasa m\u00e1s compacta (triglic\u00e9ridos) en un elemento de mayor fluidez (diglic\u00e9ridos) para que pueda ser eliminada por el sistema linf\u00e1tico y v\u00edas urinarias.<\/span><\/span><\/p>\n<p class=\"p1\" style=\"text-align: justify;\"><span class=\"s1\"><span style=\"color: #000000;\">Una vez ablandada la grasa, es imprescindible realizar un drenaje o similar para que esa grasa disuelta pueda eliminarse correctamente, de ah\u00ed surge nuestro d\u00fao con la<\/span>\u00a0<a href=\"https:\/\/laserluz.com\/equipos-de-presoterapia-elixia-pressotherapy\/\"><strong><span style=\"color: #c60a5f;\">presoterapia<\/span><\/strong><\/a>\u00a0<span style=\"color: #000000;\">como el mejor m\u00e9todo para realizarlo de una manera c\u00f3moda y eficaz.<\/span><\/span><\/p>\n<p class=\"p2\" style=\"text-align: justify;\"><span class=\"s2\" style=\"color: #000000;\">La presoterapia<\/span><span class=\"s1\">\u00a0<a href=\"https:\/\/laserluz.com\/equipos-de-presoterapia-elixia-pressotherapy\/\"><strong><span style=\"color: #c60a5f;\">Elixia<\/span><\/strong><\/a>\u00a0<span style=\"color: #000000;\">va a realizar un drenaje continuo\u00a0con\u00a0una presi\u00f3n perfecta. Este sistema de drenaje hace hincapi\u00e9 en los puntos m\u00e1s importantes para que\u00a0la eliminaci\u00f3n de los l\u00edquidos sea correcta.<\/span><\/span><\/p>\n<p class=\"p2\" style=\"text-align: justify;\"><span class=\"s1\"><span style=\"color: #000000;\">El tratamiento constar\u00eda de 8 sesiones con<\/span>\u00a0<a href=\"https:\/\/laserluz.com\/equipos-de-cavitacion\/\"><strong><span style=\"color: #c60a5f;\">Cavita Plus<\/span><\/strong><\/a>\u00a0<span style=\"color: #000000;\">(cavitaci\u00f3n) de 40 minutos con una\u00a0frecuencia de 1 sesi\u00f3n semanal. Tras cada sesi\u00f3n se realizar\u00eda un tratamiento de presoterapia con<\/span>\u00a0<a href=\"https:\/\/laserluz.com\/equipos-de-presoterapia-elixia-pressotherapy\/\"><strong><span style=\"color: #c60a5f;\">Elixia<\/span><\/strong><\/a>\u00a0<span style=\"color: #000000;\">cuya duraci\u00f3n oscila entre 20 a 40 minutos.<\/span><\/span><\/p>\n","protected":false},"excerpt":{"rendered":"<p>Los mejores d\u00faos del verano &#8211; Parte I Prep\u00e1rate para el verano con este d\u00fao de aparatolog\u00eda corporal. Llega el buen tiempo y con el las ganas de mejorar nuestro aspecto f\u00edsico. Hoy os presentamos\u00a0un paquete de aparatolog\u00eda pensado para prepararnos\u00a0a nivel corporal.<\/p>\n","protected":false},"author":11,"featured_media":4607,"comment_status":"closed","ping_status":"closed","sticky":false,"template":"","format":"standard","meta":{"footnotes":""},"categories":[398,393,395],"tags":[],"class_list":["post-3583","post","type-post","status-publish","format-standard","has-post-thumbnail","hentry","category-398","category-protocolos-tratamientos-laserluz-aparatologia-de-ultima-generacion","category-aparatologia-especifica-tratamientos-corporales"],"yoast_head":"<!-- This site is optimized with the Yoast SEO plugin v19.13 - https:\/\/yoast.com\/wordpress\/plugins\/seo\/ -->\n<title>Cavitaci\u00f3n y presoterapia, Aparatolog\u00eda corporal eficaz<\/title>\n<meta name=\"description\" content=\"Resultados est\u00e9ticos de la cavitaci\u00f3n y la presoterapia de Laserluz, la empresa l\u00edder de aparatolog\u00eda m\u00e9dico est\u00e9tica para profesionales en Espa\u00f1a.\" \/>\n<meta name=\"robots\" content=\"index, follow, max-snippet:-1, max-image-preview:large, max-video-preview:-1\" \/>\n<link rel=\"canonical\" href=\"https:\/\/laserluz.com\/blog\/cavitacion-y-presoterapia-el-duo-del-verano\" \/>\n<meta property=\"og:locale\" content=\"es_ES\" \/>\n<meta property=\"og:type\" content=\"article\" \/>\n<meta property=\"og:title\" content=\"Cavitaci\u00f3n y presoterapia, Aparatolog\u00eda corporal eficaz\" \/>\n<meta property=\"og:description\" content=\"Resultados est\u00e9ticos de la cavitaci\u00f3n y la presoterapia de Laserluz, la empresa l\u00edder de aparatolog\u00eda m\u00e9dico est\u00e9tica para profesionales en Espa\u00f1a.\" \/>\n<meta property=\"og:url\" content=\"https:\/\/laserluz.com\/blog\/cavitacion-y-presoterapia-el-duo-del-verano\" \/>\n<meta property=\"og:site_name\" content=\"LASERLUZ Blog\" \/>\n<meta property=\"article:publisher\" content=\"https:\/\/www.facebook.com\/Laserluzestetica\/\" \/>\n<meta property=\"article:published_time\" content=\"2019-01-30T15:42:45+00:00\" \/>\n<meta property=\"og:image\" content=\"https:\/\/laserluz.com\/blog\/wp-content\/uploads\/2019\/06\/aparatologia-estetica-combinada-corporal.jpg\" \/>\n\t<meta property=\"og:image:width\" content=\"1660\" \/>\n\t<meta property=\"og:image:height\" content=\"516\" \/>\n\t<meta property=\"og:image:type\" content=\"image\/jpeg\" \/>\n<meta name=\"author\" content=\"contenido@inboundmas.es\" \/>\n<meta name=\"twitter:card\" content=\"summary_large_image\" \/>\n<meta name=\"twitter:creator\" content=\"@Laserluz\" \/>\n<meta name=\"twitter:site\" content=\"@Laserluz\" \/>\n<meta name=\"twitter:label1\" content=\"Escrito por\" \/>\n\t<meta name=\"twitter:data1\" content=\"contenido@inboundmas.es\" \/>\n\t<meta name=\"twitter:label2\" content=\"Tiempo de lectura\" \/>\n\t<meta name=\"twitter:data2\" content=\"2 minutos\" \/>\n<script type=\"application\/ld+json\" class=\"yoast-schema-graph\">{\"@context\":\"https:\/\/schema.org\",\"@graph\":[{\"@type\":\"WebPage\",\"@id\":\"https:\/\/laserluz.com\/blog\/cavitacion-y-presoterapia-el-duo-del-verano\",\"url\":\"https:\/\/laserluz.com\/blog\/cavitacion-y-presoterapia-el-duo-del-verano\",\"name\":\"Cavitaci\u00f3n y presoterapia, Aparatolog\u00eda corporal eficaz\",\"isPartOf\":{\"@id\":\"https:\/\/laserluz.com\/blog\/#website\"},\"datePublished\":\"2019-01-30T15:42:45+00:00\",\"dateModified\":\"2019-01-30T15:42:45+00:00\",\"author\":{\"@id\":\"https:\/\/laserluz.com\/blog\/#\/schema\/person\/671fa3beb60328b9588f7e0a79e207ae\"},\"description\":\"Resultados est\u00e9ticos de la cavitaci\u00f3n y la presoterapia de Laserluz, la empresa l\u00edder de aparatolog\u00eda m\u00e9dico est\u00e9tica para profesionales en Espa\u00f1a.\",\"breadcrumb\":{\"@id\":\"https:\/\/laserluz.com\/blog\/cavitacion-y-presoterapia-el-duo-del-verano#breadcrumb\"},\"inLanguage\":\"es\",\"potentialAction\":[{\"@type\":\"ReadAction\",\"target\":[\"https:\/\/laserluz.com\/blog\/cavitacion-y-presoterapia-el-duo-del-verano\"]}]},{\"@type\":\"BreadcrumbList\",\"@id\":\"https:\/\/laserluz.com\/blog\/cavitacion-y-presoterapia-el-duo-del-verano#breadcrumb\",\"itemListElement\":[{\"@type\":\"ListItem\",\"position\":1,\"name\":\"Portada\",\"item\":\"https:\/\/laserluz.com\/blog\/\"},{\"@type\":\"ListItem\",\"position\":2,\"name\":\"LOS MEJORES D\u00daOS DEL VERANO &#8211; PARTE I\"}]},{\"@type\":\"WebSite\",\"@id\":\"https:\/\/laserluz.com\/blog\/#website\",\"url\":\"https:\/\/laserluz.com\/blog\/\",\"name\":\"Laserluz Blog\",\"description\":\"LASERLUZ Blog\",\"potentialAction\":[{\"@type\":\"SearchAction\",\"target\":{\"@type\":\"EntryPoint\",\"urlTemplate\":\"https:\/\/laserluz.com\/blog\/?s={search_term_string}\"},\"query-input\":\"required name=search_term_string\"}],\"inLanguage\":\"es\"},{\"@type\":\"Person\",\"@id\":\"https:\/\/laserluz.com\/blog\/#\/schema\/person\/671fa3beb60328b9588f7e0a79e207ae\",\"name\":\"contenido@inboundmas.es\",\"image\":{\"@type\":\"ImageObject\",\"inLanguage\":\"es\",\"@id\":\"https:\/\/laserluz.com\/blog\/#\/schema\/person\/image\/\",\"url\":\"https:\/\/secure.gravatar.com\/avatar\/36da714ecac5f08c0b55380ddcebe998d4efdaea401d21632d54494d69ca9ee2?s=96&d=mm&r=g\",\"contentUrl\":\"https:\/\/secure.gravatar.com\/avatar\/36da714ecac5f08c0b55380ddcebe998d4efdaea401d21632d54494d69ca9ee2?s=96&d=mm&r=g\",\"caption\":\"contenido@inboundmas.es\"}}]}<\/script>\n<!-- \/ Yoast SEO plugin. -->","yoast_head_json":{"title":"Cavitaci\u00f3n y presoterapia, Aparatolog\u00eda corporal eficaz","description":"Resultados est\u00e9ticos de la cavitaci\u00f3n y la presoterapia de Laserluz, la empresa l\u00edder de aparatolog\u00eda m\u00e9dico est\u00e9tica para profesionales en Espa\u00f1a.","robots":{"index":"index","follow":"follow","max-snippet":"max-snippet:-1","max-image-preview":"max-image-preview:large","max-video-preview":"max-video-preview:-1"},"canonical":"https:\/\/laserluz.com\/blog\/cavitacion-y-presoterapia-el-duo-del-verano","og_locale":"es_ES","og_type":"article","og_title":"Cavitaci\u00f3n y presoterapia, Aparatolog\u00eda corporal eficaz","og_description":"Resultados est\u00e9ticos de la cavitaci\u00f3n y la presoterapia de Laserluz, la empresa l\u00edder de aparatolog\u00eda m\u00e9dico est\u00e9tica para profesionales en Espa\u00f1a.","og_url":"https:\/\/laserluz.com\/blog\/cavitacion-y-presoterapia-el-duo-del-verano","og_site_name":"LASERLUZ Blog","article_publisher":"https:\/\/www.facebook.com\/Laserluzestetica\/","article_published_time":"2019-01-30T15:42:45+00:00","og_image":[{"width":1660,"height":516,"url":"https:\/\/laserluz.com\/blog\/wp-content\/uploads\/2019\/06\/aparatologia-estetica-combinada-corporal.jpg","type":"image\/jpeg"}],"author":"contenido@inboundmas.es","twitter_card":"summary_large_image","twitter_creator":"@Laserluz","twitter_site":"@Laserluz","twitter_misc":{"Escrito por":"contenido@inboundmas.es","Tiempo de lectura":"2 minutos"},"schema":{"@context":"https:\/\/schema.org","@graph":[{"@type":"WebPage","@id":"https:\/\/laserluz.com\/blog\/cavitacion-y-presoterapia-el-duo-del-verano","url":"https:\/\/laserluz.com\/blog\/cavitacion-y-presoterapia-el-duo-del-verano","name":"Cavitaci\u00f3n y presoterapia, Aparatolog\u00eda corporal eficaz","isPartOf":{"@id":"https:\/\/laserluz.com\/blog\/#website"},"datePublished":"2019-01-30T15:42:45+00:00","dateModified":"2019-01-30T15:42:45+00:00","author":{"@id":"https:\/\/laserluz.com\/blog\/#\/schema\/person\/671fa3beb60328b9588f7e0a79e207ae"},"description":"Resultados est\u00e9ticos de la cavitaci\u00f3n y la presoterapia de Laserluz, la empresa l\u00edder de aparatolog\u00eda m\u00e9dico est\u00e9tica para profesionales en Espa\u00f1a.","breadcrumb":{"@id":"https:\/\/laserluz.com\/blog\/cavitacion-y-presoterapia-el-duo-del-verano#breadcrumb"},"inLanguage":"es","potentialAction":[{"@type":"ReadAction","target":["https:\/\/laserluz.com\/blog\/cavitacion-y-presoterapia-el-duo-del-verano"]}]},{"@type":"BreadcrumbList","@id":"https:\/\/laserluz.com\/blog\/cavitacion-y-presoterapia-el-duo-del-verano#breadcrumb","itemListElement":[{"@type":"ListItem","position":1,"name":"Portada","item":"https:\/\/laserluz.com\/blog\/"},{"@type":"ListItem","position":2,"name":"LOS MEJORES D\u00daOS DEL VERANO &#8211; PARTE I"}]},{"@type":"WebSite","@id":"https:\/\/laserluz.com\/blog\/#website","url":"https:\/\/laserluz.com\/blog\/","name":"Laserluz Blog","description":"LASERLUZ Blog","potentialAction":[{"@type":"SearchAction","target":{"@type":"EntryPoint","urlTemplate":"https:\/\/laserluz.com\/blog\/?s={search_term_string}"},"query-input":"required name=search_term_string"}],"inLanguage":"es"},{"@type":"Person","@id":"https:\/\/laserluz.com\/blog\/#\/schema\/person\/671fa3beb60328b9588f7e0a79e207ae","name":"contenido@inboundmas.es","image":{"@type":"ImageObject","inLanguage":"es","@id":"https:\/\/laserluz.com\/blog\/#\/schema\/person\/image\/","url":"https:\/\/secure.gravatar.com\/avatar\/36da714ecac5f08c0b55380ddcebe998d4efdaea401d21632d54494d69ca9ee2?s=96&d=mm&r=g","contentUrl":"https:\/\/secure.gravatar.com\/avatar\/36da714ecac5f08c0b55380ddcebe998d4efdaea401d21632d54494d69ca9ee2?s=96&d=mm&r=g","caption":"contenido@inboundmas.es"}}]}},"_links":{"self":[{"href":"https:\/\/laserluz.com\/blog\/wp-json\/wp\/v2\/posts\/3583","targetHints":{"allow":["GET"]}}],"collection":[{"href":"https:\/\/laserluz.com\/blog\/wp-json\/wp\/v2\/posts"}],"about":[{"href":"https:\/\/laserluz.com\/blog\/wp-json\/wp\/v2\/types\/post"}],"author":[{"embeddable":true,"href":"https:\/\/laserluz.com\/blog\/wp-json\/wp\/v2\/users\/11"}],"replies":[{"embeddable":true,"href":"https:\/\/laserluz.com\/blog\/wp-json\/wp\/v2\/comments?post=3583"}],"version-history":[{"count":0,"href":"https:\/\/laserluz.com\/blog\/wp-json\/wp\/v2\/posts\/3583\/revisions"}],"wp:featuredmedia":[{"embeddable":true,"href":"https:\/\/laserluz.com\/blog\/wp-json\/wp\/v2\/media\/4607"}],"wp:attachment":[{"href":"https:\/\/laserluz.com\/blog\/wp-json\/wp\/v2\/media?parent=3583"}],"wp:term":[{"taxonomy":"category","embeddable":true,"href":"https:\/\/laserluz.com\/blog\/wp-json\/wp\/v2\/categories?post=3583"},{"taxonomy":"post_tag","embeddable":true,"href":"https:\/\/laserluz.com\/blog\/wp-json\/wp\/v2\/tags?post=3583"}],"curies":[{"name":"wp","href":"https:\/\/api.w.org\/{rel}","templated":true}]}}